{"id":10921,"date":"2012-04-09T15:19:15","date_gmt":"2012-04-09T13:19:15","guid":{"rendered":"http:\/\/sironimo.com\/\/?p=10921"},"modified":"2016-11-22T15:23:04","modified_gmt":"2016-11-22T13:23:04","slug":"le-jardin-japonais-au-jardin-dacclimatation","status":"publish","type":"post","link":"https:\/\/sironimo.com\/index.php\/2012\/04\/09\/le-jardin-japonais-au-jardin-dacclimatation\/","title":{"rendered":"Le Jardin Japonais au Jardin d&rsquo;Acclimatation"},"content":{"rendered":"<p>En ce moment (du 7 avril au 8 mai 2012) au <strong><a title=\"Jardin d'acclimatation\" href=\"http:\/\/www.jardindacclimatation.fr\/\">Jardin d&rsquo;Acclimatation<\/a><\/strong> \u00e0 Boulogne, se tient un v\u00e9ritable <strong>Jardin Japonais<\/strong>. plein de stands et d&rsquo;\u00e9venements que je vous invite \u00e0 aller voir car c&rsquo;est tr\u00e8s agr\u00e9able, surtout s&rsquo;il fait beau.<\/p>\n<p style=\"text-align: center;\"><a class=\"lytebox\" href=\"\/wp-content\/images\/2012\/04\/jardin_dacclimatation_jardin_japonais_avril_2012.jpg\"><img loading=\"lazy\" decoding=\"async\" class=\"alignnone size-medium wp-image-10922\" title=\"jardin_d'acclimatation_jardin_japonais_avril_2012\" src=\"\/wp-content\/images\/2012\/04\/jardin_dacclimatation_jardin_japonais_avril_2012-300x224.jpg\" alt=\"\" width=\"300\" height=\"224\" srcset=\"https:\/\/sironimo.com\/\/wp-content\/images\/2012\/04\/jardin_dacclimatation_jardin_japonais_avril_2012-300x224.jpg 300w, https:\/\/sironimo.com\/\/wp-content\/images\/2012\/04\/jardin_dacclimatation_jardin_japonais_avril_2012-1024x767.jpg 1024w, https:\/\/sironimo.com\/\/wp-content\/images\/2012\/04\/jardin_dacclimatation_jardin_japonais_avril_2012.jpg 1167w\" sizes=\"(max-width: 300px) 100vw, 300px\" \/><\/a><\/p>\n<p>On y a donc fait un petit tour ce week-end! Il ne faisait malheureusement pas tr\u00e8s beau et m\u00eame plut\u00f4t froid, mais c&rsquo;\u00e9tait agr\u00e9able malgr\u00e9 tout.<\/p>\n<p style=\"text-align: center;\"><a class=\"lytebox\" href=\"\/wp-content\/images\/2012\/04\/jardin_dacclimatation_jardin_japonais_avril_2012_01.jpg\"><img loading=\"lazy\" decoding=\"async\" class=\"size-medium wp-image-10924 aligncenter\" title=\"jardin_d'acclimatation_jardin_japonais_avril_2012_01\" src=\"\/wp-content\/images\/2012\/04\/jardin_dacclimatation_jardin_japonais_avril_2012_01-224x300.jpg\" alt=\"\" width=\"224\" height=\"300\" srcset=\"https:\/\/sironimo.com\/\/wp-content\/images\/2012\/04\/jardin_dacclimatation_jardin_japonais_avril_2012_01-224x300.jpg 224w, https:\/\/sironimo.com\/\/wp-content\/images\/2012\/04\/jardin_dacclimatation_jardin_japonais_avril_2012_01-767x1024.jpg 767w, https:\/\/sironimo.com\/\/wp-content\/images\/2012\/04\/jardin_dacclimatation_jardin_japonais_avril_2012_01.jpg 875w\" sizes=\"(max-width: 224px) 100vw, 224px\" \/><\/a><\/p>\n<p>Il y a tout d&rsquo;abord un grand <em>torii <\/em>rouge qui marque l\u2019entr\u00e9e du jardin, puis plusieurs stands d&rsquo;artisanat, tous plus jolis les uns que les autres.<!--more--><\/p>\n<p style=\"text-align: center;\"><a class=\"lytebox\" href=\"\/wp-content\/images\/2012\/04\/jardin_dacclimatation_jardin_japonais_avril_2012_tori.jpg\"><img loading=\"lazy\" decoding=\"async\" class=\"alignnone size-medium wp-image-10923\" title=\"jardin_d'acclimatation_jardin_japonais_avril_2012_tori\" src=\"\/wp-content\/images\/2012\/04\/jardin_dacclimatation_jardin_japonais_avril_2012_tori-300x224.jpg\" alt=\"\" width=\"300\" height=\"224\" srcset=\"https:\/\/sironimo.com\/\/wp-content\/images\/2012\/04\/jardin_dacclimatation_jardin_japonais_avril_2012_tori-300x224.jpg 300w, https:\/\/sironimo.com\/\/wp-content\/images\/2012\/04\/jardin_dacclimatation_jardin_japonais_avril_2012_tori-1024x767.jpg 1024w, https:\/\/sironimo.com\/\/wp-content\/images\/2012\/04\/jardin_dacclimatation_jardin_japonais_avril_2012_tori.jpg 1167w\" sizes=\"(max-width: 300px) 100vw, 300px\" \/><\/a><\/p>\n<p>On retrouve assez vite l&rsquo;ambiance Japonaise, beaucoup de gens parlent d&rsquo;ailleurs Japonais (notamment les exposants), il y a des photos \u00e0 voir, des mini-expo, des concerts, des \u00e9v\u00e9nements et tout un tas de choses \u00e0 d\u00e9couvrir. Consultez le programme complet pour plus d&rsquo;info : <a title=\"Le programme du jardin japonais 2012\" href=\"http:\/\/www.jardindacclimatation.fr\/evenement\/le-jardin-japonais\/\">le programme du jardin Japonais<\/a>.<\/p>\n<p style=\"text-align: center;\"><a class=\"lytebox\" href=\"\/wp-content\/images\/2012\/04\/jardin_japonais_avril_2012_parade_okinawa_05.jpg\"><img loading=\"lazy\" decoding=\"async\" class=\"alignnone size-medium wp-image-10931\" title=\"jardin_japonais_avril_2012_parade_okinawa_05\" src=\"\/wp-content\/images\/2012\/04\/jardin_japonais_avril_2012_parade_okinawa_05-300x224.jpg\" alt=\"\" width=\"300\" height=\"224\" srcset=\"https:\/\/sironimo.com\/\/wp-content\/images\/2012\/04\/jardin_japonais_avril_2012_parade_okinawa_05-300x224.jpg 300w, https:\/\/sironimo.com\/\/wp-content\/images\/2012\/04\/jardin_japonais_avril_2012_parade_okinawa_05-1024x767.jpg 1024w, https:\/\/sironimo.com\/\/wp-content\/images\/2012\/04\/jardin_japonais_avril_2012_parade_okinawa_05.jpg 1167w\" sizes=\"(max-width: 300px) 100vw, 300px\" \/><\/a> <a class=\"lytebox\" href=\"\/wp-content\/images\/2012\/04\/jardin_japonais_avril_2012_parade_okinawa_06.jpg\"><img loading=\"lazy\" decoding=\"async\" class=\"alignnone size-medium wp-image-10932\" title=\"jardin_japonais_avril_2012_parade_okinawa_06\" src=\"\/wp-content\/images\/2012\/04\/jardin_japonais_avril_2012_parade_okinawa_06-300x224.jpg\" alt=\"\" width=\"300\" height=\"224\" srcset=\"https:\/\/sironimo.com\/\/wp-content\/images\/2012\/04\/jardin_japonais_avril_2012_parade_okinawa_06-300x224.jpg 300w, https:\/\/sironimo.com\/\/wp-content\/images\/2012\/04\/jardin_japonais_avril_2012_parade_okinawa_06-1024x767.jpg 1024w, https:\/\/sironimo.com\/\/wp-content\/images\/2012\/04\/jardin_japonais_avril_2012_parade_okinawa_06.jpg 1167w\" sizes=\"(max-width: 300px) 100vw, 300px\" \/><\/a><\/p>\n<p>C&rsquo;est un peu comme <strong>Japan Expo<\/strong> mais en plein air, en plus authentique, avec moins de monde, pas de cosplay et de jeunes d\u00e9biles&#8230;bref c&rsquo;est mieux :p<\/p>\n<p>La parade d&rsquo;Okinawa, avec notamment ses marionnettes g\u00e9antes impressionnantes\u00a0 :<\/p>\n<p style=\"text-align: center;\"><a class=\"lytebox\" href=\"\/wp-content\/images\/2012\/04\/jardin_japonais_avril_2012_parade_okinawa_01.jpg\"><img loading=\"lazy\" decoding=\"async\" class=\"alignnone size-medium wp-image-10925\" title=\"jardin_japonais_avril_2012_parade_okinawa_01\" src=\"\/wp-content\/images\/2012\/04\/jardin_japonais_avril_2012_parade_okinawa_01-224x300.jpg\" alt=\"\" width=\"224\" height=\"300\" srcset=\"https:\/\/sironimo.com\/\/wp-content\/images\/2012\/04\/jardin_japonais_avril_2012_parade_okinawa_01-224x300.jpg 224w, https:\/\/sironimo.com\/\/wp-content\/images\/2012\/04\/jardin_japonais_avril_2012_parade_okinawa_01-767x1024.jpg 767w, https:\/\/sironimo.com\/\/wp-content\/images\/2012\/04\/jardin_japonais_avril_2012_parade_okinawa_01.jpg 875w\" sizes=\"(max-width: 224px) 100vw, 224px\" \/><\/a> <a class=\"lytebox\" href=\"\/wp-content\/images\/2012\/04\/jardin_japonais_avril_2012_parade_okinawa_03.jpg\"><img loading=\"lazy\" decoding=\"async\" class=\"alignnone size-medium wp-image-10927\" title=\"jardin_japonais_avril_2012_parade_okinawa_03\" src=\"\/wp-content\/images\/2012\/04\/jardin_japonais_avril_2012_parade_okinawa_03-224x300.jpg\" alt=\"\" width=\"224\" height=\"300\" srcset=\"https:\/\/sironimo.com\/\/wp-content\/images\/2012\/04\/jardin_japonais_avril_2012_parade_okinawa_03-224x300.jpg 224w, https:\/\/sironimo.com\/\/wp-content\/images\/2012\/04\/jardin_japonais_avril_2012_parade_okinawa_03-767x1024.jpg 767w, https:\/\/sironimo.com\/\/wp-content\/images\/2012\/04\/jardin_japonais_avril_2012_parade_okinawa_03.jpg 875w\" sizes=\"(max-width: 224px) 100vw, 224px\" \/><\/a><\/p>\n<p style=\"text-align: center;\"><a class=\"lytebox\" href=\"\/wp-content\/images\/2012\/04\/jardin_japonais_avril_2012_parade_okinawa_02.jpg\"><img loading=\"lazy\" decoding=\"async\" class=\"alignnone size-medium wp-image-10926\" title=\"jardin_japonais_avril_2012_parade_okinawa_02\" src=\"\/wp-content\/images\/2012\/04\/jardin_japonais_avril_2012_parade_okinawa_02-300x224.jpg\" alt=\"\" width=\"300\" height=\"224\" srcset=\"https:\/\/sironimo.com\/\/wp-content\/images\/2012\/04\/jardin_japonais_avril_2012_parade_okinawa_02-300x224.jpg 300w, https:\/\/sironimo.com\/\/wp-content\/images\/2012\/04\/jardin_japonais_avril_2012_parade_okinawa_02-1024x767.jpg 1024w, https:\/\/sironimo.com\/\/wp-content\/images\/2012\/04\/jardin_japonais_avril_2012_parade_okinawa_02.jpg 1167w\" sizes=\"(max-width: 300px) 100vw, 300px\" \/><\/a> <a class=\"lytebox\" href=\"\/wp-content\/images\/2012\/04\/jardin_japonais_avril_2012_parade_okinawa_04.jpg\"><img loading=\"lazy\" decoding=\"async\" class=\"alignnone size-medium wp-image-10928\" title=\"jardin_japonais_avril_2012_parade_okinawa_04\" src=\"\/wp-content\/images\/2012\/04\/jardin_japonais_avril_2012_parade_okinawa_04-300x224.jpg\" alt=\"\" width=\"300\" height=\"224\" srcset=\"https:\/\/sironimo.com\/\/wp-content\/images\/2012\/04\/jardin_japonais_avril_2012_parade_okinawa_04-300x224.jpg 300w, https:\/\/sironimo.com\/\/wp-content\/images\/2012\/04\/jardin_japonais_avril_2012_parade_okinawa_04-1024x767.jpg 1024w, https:\/\/sironimo.com\/\/wp-content\/images\/2012\/04\/jardin_japonais_avril_2012_parade_okinawa_04.jpg 1167w\" sizes=\"(max-width: 300px) 100vw, 300px\" \/><\/a><\/p>\n<p>Des <em>koinobori<\/em> flottants dans le ciel :<\/p>\n<p style=\"text-align: center;\"><a class=\"lytebox\" href=\"\/wp-content\/images\/2012\/04\/koinobori.jpg\"><img loading=\"lazy\" decoding=\"async\" class=\"alignnone size-medium wp-image-10940\" title=\"koinobori\" src=\"\/wp-content\/images\/2012\/04\/koinobori-300x300.jpg\" alt=\"\" width=\"300\" height=\"300\" srcset=\"https:\/\/sironimo.com\/\/wp-content\/images\/2012\/04\/koinobori-300x300.jpg 300w, https:\/\/sironimo.com\/\/wp-content\/images\/2012\/04\/koinobori-150x150.jpg 150w, https:\/\/sironimo.com\/\/wp-content\/images\/2012\/04\/koinobori.jpg 612w\" sizes=\"(max-width: 300px) 100vw, 300px\" \/><\/a><\/p>\n<p>Le jardin d&rsquo;acclimatation c&rsquo;est aussi, des cours d&rsquo;eau, des man\u00e8ges pour les enfants, plein d&rsquo;animaux, notamment des paons magnifiques&#8230;<\/p>\n<p style=\"text-align: center;\"><a class=\"lytebox\" href=\"\/wp-content\/images\/2012\/04\/alice_in_wonderland.jpg\"><img loading=\"lazy\" decoding=\"async\" class=\"alignnone size-medium wp-image-10948\" title=\"alice_in_wonderland\" src=\"\/wp-content\/images\/2012\/04\/alice_in_wonderland-300x300.jpg\" alt=\"\" width=\"243\" height=\"243\" srcset=\"https:\/\/sironimo.com\/\/wp-content\/images\/2012\/04\/alice_in_wonderland-300x300.jpg 300w, https:\/\/sironimo.com\/\/wp-content\/images\/2012\/04\/alice_in_wonderland-150x150.jpg 150w, https:\/\/sironimo.com\/\/wp-content\/images\/2012\/04\/alice_in_wonderland.jpg 612w\" sizes=\"(max-width: 243px) 100vw, 243px\" \/><\/a> <a class=\"lytebox\" href=\"\/wp-content\/images\/2012\/04\/jardin_dacclimatation_pavillon_coreen_02.jpg\"><img loading=\"lazy\" decoding=\"async\" class=\"alignnone size-medium wp-image-10938\" title=\"jardin_d'acclimatation_pavillon_coreen_02\" src=\"\/wp-content\/images\/2012\/04\/jardin_dacclimatation_pavillon_coreen_02-300x224.jpg\" alt=\"\" width=\"323\" height=\"242\" srcset=\"https:\/\/sironimo.com\/\/wp-content\/images\/2012\/04\/jardin_dacclimatation_pavillon_coreen_02-300x224.jpg 300w, https:\/\/sironimo.com\/\/wp-content\/images\/2012\/04\/jardin_dacclimatation_pavillon_coreen_02-1024x767.jpg 1024w, https:\/\/sironimo.com\/\/wp-content\/images\/2012\/04\/jardin_dacclimatation_pavillon_coreen_02.jpg 1167w\" sizes=\"(max-width: 323px) 100vw, 323px\" \/><\/a><\/p>\n<p style=\"text-align: center;\"><a class=\"lytebox\" href=\"\/wp-content\/images\/2012\/04\/jardin_dacclimatation_paon_01.jpg\"><img loading=\"lazy\" decoding=\"async\" class=\"alignnone size-medium wp-image-10935\" title=\"jardin_d'acclimatation_paon_01\" src=\"\/wp-content\/images\/2012\/04\/jardin_dacclimatation_paon_01-300x224.jpg\" alt=\"\" width=\"300\" height=\"224\" srcset=\"https:\/\/sironimo.com\/\/wp-content\/images\/2012\/04\/jardin_dacclimatation_paon_01-300x224.jpg 300w, https:\/\/sironimo.com\/\/wp-content\/images\/2012\/04\/jardin_dacclimatation_paon_01-1024x767.jpg 1024w, https:\/\/sironimo.com\/\/wp-content\/images\/2012\/04\/jardin_dacclimatation_paon_01.jpg 1167w\" sizes=\"(max-width: 300px) 100vw, 300px\" \/><\/a> <a class=\"lytebox\" href=\"\/wp-content\/images\/2012\/04\/jardin_dacclimatation_paon_02.jpg\"><img loading=\"lazy\" decoding=\"async\" class=\"alignnone size-medium wp-image-10936\" title=\"jardin_d'acclimatation_paon_02\" src=\"\/wp-content\/images\/2012\/04\/jardin_dacclimatation_paon_02-300x224.jpg\" alt=\"\" width=\"300\" height=\"224\" srcset=\"https:\/\/sironimo.com\/\/wp-content\/images\/2012\/04\/jardin_dacclimatation_paon_02-300x224.jpg 300w, https:\/\/sironimo.com\/\/wp-content\/images\/2012\/04\/jardin_dacclimatation_paon_02-1024x767.jpg 1024w, https:\/\/sironimo.com\/\/wp-content\/images\/2012\/04\/jardin_dacclimatation_paon_02.jpg 1167w\" sizes=\"(max-width: 300px) 100vw, 300px\" \/><\/a><\/p>\n<p>Il y a aussi le pavillon Cor\u00e9en, apaisant et color\u00e9.<\/p>\n<p style=\"text-align: center;\"><a class=\"lytebox\" href=\"\/wp-content\/images\/2012\/04\/jardin_dacclimatation_pavillon_coreen_03.jpg\"><img loading=\"lazy\" decoding=\"async\" class=\"alignnone size-medium wp-image-10939\" title=\"jardin_d'acclimatation_pavillon_coreen_03\" src=\"\/wp-content\/images\/2012\/04\/jardin_dacclimatation_pavillon_coreen_03-300x224.jpg\" alt=\"\" width=\"300\" height=\"224\" srcset=\"https:\/\/sironimo.com\/\/wp-content\/images\/2012\/04\/jardin_dacclimatation_pavillon_coreen_03-300x224.jpg 300w, https:\/\/sironimo.com\/\/wp-content\/images\/2012\/04\/jardin_dacclimatation_pavillon_coreen_03-1024x767.jpg 1024w, https:\/\/sironimo.com\/\/wp-content\/images\/2012\/04\/jardin_dacclimatation_pavillon_coreen_03.jpg 1167w\" sizes=\"(max-width: 300px) 100vw, 300px\" \/><\/a> <a class=\"lytebox\" href=\"\/wp-content\/images\/2012\/04\/jardin_dacclimatation_pavillon_coreen_01.jpg\"><img loading=\"lazy\" decoding=\"async\" class=\"alignnone size-medium wp-image-10937\" title=\"jardin_d'acclimatation_pavillon_coreen_01\" src=\"\/wp-content\/images\/2012\/04\/jardin_dacclimatation_pavillon_coreen_01-300x224.jpg\" alt=\"\" width=\"300\" height=\"224\" srcset=\"https:\/\/sironimo.com\/\/wp-content\/images\/2012\/04\/jardin_dacclimatation_pavillon_coreen_01-300x224.jpg 300w, https:\/\/sironimo.com\/\/wp-content\/images\/2012\/04\/jardin_dacclimatation_pavillon_coreen_01-1024x767.jpg 1024w, https:\/\/sironimo.com\/\/wp-content\/images\/2012\/04\/jardin_dacclimatation_pavillon_coreen_01.jpg 1167w\" sizes=\"(max-width: 300px) 100vw, 300px\" \/><\/a><\/p>\n<p>Mais allez, soyons honn\u00eate, en bon ventre sur pattes, on est surtout venu pour manger, car il y a aussi quelques stands de nourriture, notamment les <em>takoyaki<\/em>!<\/p>\n<p style=\"text-align: center;\"><a class=\"lytebox\" href=\"\/wp-content\/images\/2012\/04\/takoyaki01.jpg\"><img loading=\"lazy\" decoding=\"async\" class=\"alignnone size-medium wp-image-10946\" title=\"takoyaki01\" src=\"\/wp-content\/images\/2012\/04\/takoyaki01-300x224.jpg\" alt=\"\" width=\"307\" height=\"229\" srcset=\"https:\/\/sironimo.com\/\/wp-content\/images\/2012\/04\/takoyaki01-300x224.jpg 300w, https:\/\/sironimo.com\/\/wp-content\/images\/2012\/04\/takoyaki01-1024x767.jpg 1024w, https:\/\/sironimo.com\/\/wp-content\/images\/2012\/04\/takoyaki01.jpg 1167w\" sizes=\"(max-width: 307px) 100vw, 307px\" \/><\/a> <a class=\"lytebox\" href=\"\/wp-content\/images\/2012\/04\/takoyaki.jpg\"><img loading=\"lazy\" decoding=\"async\" class=\"alignnone size-medium wp-image-10945\" title=\"takoyaki\" src=\"\/wp-content\/images\/2012\/04\/takoyaki-300x300.jpg\" alt=\"\" width=\"230\" height=\"230\" srcset=\"https:\/\/sironimo.com\/\/wp-content\/images\/2012\/04\/takoyaki-300x300.jpg 300w, https:\/\/sironimo.com\/\/wp-content\/images\/2012\/04\/takoyaki-150x150.jpg 150w, https:\/\/sironimo.com\/\/wp-content\/images\/2012\/04\/takoyaki.jpg 612w\" sizes=\"(max-width: 230px) 100vw, 230px\" \/><\/a><\/p>\n<p>D&rsquo;ailleurs, en tant que sp\u00e9cialiste, les Takoyaki du stand<strong> <a title=\"Atsu atsu\" href=\"http:\/\/www.atsuatsu.fr\/\">Atsu Atsu<\/a><\/strong> (ca veut dire que c&rsquo;est tr\u00e8s chaud, \u00e7a porte bien son nom :p), sont bien bons. C&rsquo;est la m\u00eame \u00e9quipe qui vendent les takoyaki \u00e0 <strong>Japan Expo <\/strong>mais je n&rsquo;avais jamais eu le courage de faire la queue l\u00e0 bas, donc je n&rsquo;avais jamais gout\u00e9. Ils sont meilleurs que ceux du Happatei par exemple, je vous les recommande. Et puis l&rsquo;\u00e9quipe du stand est bien sympa!<br \/>\nInfo : apparemment ils vont peut-\u00eatre ouvrir leur propre restaurant \u00e0 l&rsquo;automne donc : wait and see!<\/p>\n<p>Bref je disais donc : la bouffe !<br \/>\nOutre les takoyaki (qu&rsquo;on a mang\u00e9 2 fois dans la journ\u00e9e XD), on a aussi mang\u00e9 des onigiri, ainsi qu&rsquo;une glace au Wasabi.<\/p>\n<p style=\"text-align: center;\"><a class=\"lytebox\" href=\"\/wp-content\/images\/2012\/04\/onigiri.jpg\"><img loading=\"lazy\" decoding=\"async\" class=\"alignnone size-medium wp-image-10944\" title=\"onigiri\" src=\"\/wp-content\/images\/2012\/04\/onigiri-300x300.jpg\" alt=\"\" width=\"300\" height=\"300\" srcset=\"https:\/\/sironimo.com\/\/wp-content\/images\/2012\/04\/onigiri-300x300.jpg 300w, https:\/\/sironimo.com\/\/wp-content\/images\/2012\/04\/onigiri-150x150.jpg 150w, https:\/\/sironimo.com\/\/wp-content\/images\/2012\/04\/onigiri.jpg 612w\" sizes=\"(max-width: 300px) 100vw, 300px\" \/><\/a> <a class=\"lytebox\" href=\"\/wp-content\/images\/2012\/04\/glace_wasabi.jpg\"><img loading=\"lazy\" decoding=\"async\" class=\"alignnone size-medium wp-image-10943\" title=\"glace_wasabi\" src=\"\/wp-content\/images\/2012\/04\/glace_wasabi-300x300.jpg\" alt=\"\" width=\"300\" height=\"300\" srcset=\"https:\/\/sironimo.com\/\/wp-content\/images\/2012\/04\/glace_wasabi-300x300.jpg 300w, https:\/\/sironimo.com\/\/wp-content\/images\/2012\/04\/glace_wasabi-150x150.jpg 150w, https:\/\/sironimo.com\/\/wp-content\/images\/2012\/04\/glace_wasabi.jpg 612w\" sizes=\"(max-width: 300px) 100vw, 300px\" \/><\/a><\/p>\n<p>Les avis sont tr\u00e8s partag\u00e9s sur cette derni\u00e8re, mais le moins qu&rsquo;on puisse dire c&rsquo;est que \u00e7a ne laisse pas indiff\u00e9rent! Moi j&rsquo;aime bien&#8230;Le lait puis PAF le wasabi qui monte au nez&#8230;<\/p>\n<p>On est finalement rentr\u00e9s en fin d&rsquo;apr\u00e8s midi, bien fatigu\u00e9s et un peu frigorifi\u00e9s car il ne fait, h\u00e9las, pas bien chaud.<\/p>\n<p style=\"text-align: center;\"><em><a class=\"lytebox\" href=\"\/wp-content\/images\/2012\/04\/monkey_momiji.jpg\"><img loading=\"lazy\" decoding=\"async\" class=\"alignnone size-medium wp-image-10947\" title=\"monkey_momiji\" src=\"\/wp-content\/images\/2012\/04\/monkey_momiji-300x300.jpg\" alt=\"\" width=\"300\" height=\"300\" srcset=\"https:\/\/sironimo.com\/\/wp-content\/images\/2012\/04\/monkey_momiji-300x300.jpg 300w, https:\/\/sironimo.com\/\/wp-content\/images\/2012\/04\/monkey_momiji-150x150.jpg 150w, https:\/\/sironimo.com\/\/wp-content\/images\/2012\/04\/monkey_momiji.jpg 612w\" sizes=\"(max-width: 300px) 100vw, 300px\" \/><\/a><\/em><\/p>\n<p style=\"text-align: center;\"><em>Saru et momiji<\/em><\/p>\n<p style=\"text-align: left;\">C&rsquo;\u00e9tait une bien belle journ\u00e9e, et je vous conseille vivement d&rsquo;y aller un week-end pour changer d&rsquo;air. :)<\/p>\n","protected":false},"excerpt":{"rendered":"<p>En ce moment (du 7 avril au 8 mai 2012) au Jardin d&rsquo;Acclimatation \u00e0 Boulogne, se tient un v\u00e9ritable Jardin Japonais. plein de stands et d&rsquo;\u00e9venements que je vous invite \u00e0 aller voir car c&rsquo;est tr\u00e8s agr\u00e9able, surtout s&rsquo;il fait &hellip; <a href=\"https:\/\/sironimo.com\/index.php\/2012\/04\/09\/le-jardin-japonais-au-jardin-dacclimatation\/\">Continuer la lecture <span class=\"meta-nav\">&rarr;<\/span><\/a><\/p>\n","protected":false},"author":1,"featured_media":0,"comment_status":"open","ping_status":"closed","sticky":false,"template":"","format":"standard","meta":{"_exactmetrics_skip_tracking":false,"_exactmetrics_sitenote_active":false,"_exactmetrics_sitenote_note":"","_exactmetrics_sitenote_category":0,"footnotes":""},"categories":[4,3],"tags":[22,23,63,64,37,29,21],"_links":{"self":[{"href":"https:\/\/sironimo.com\/index.php\/wp-json\/wp\/v2\/posts\/10921"}],"collection":[{"href":"https:\/\/sironimo.com\/index.php\/wp-json\/wp\/v2\/posts"}],"about":[{"href":"https:\/\/sironimo.com\/index.php\/wp-json\/wp\/v2\/types\/post"}],"author":[{"embeddable":true,"href":"https:\/\/sironimo.com\/index.php\/wp-json\/wp\/v2\/users\/1"}],"replies":[{"embeddable":true,"href":"https:\/\/sironimo.com\/index.php\/wp-json\/wp\/v2\/comments?post=10921"}],"version-history":[{"count":13,"href":"https:\/\/sironimo.com\/index.php\/wp-json\/wp\/v2\/posts\/10921\/revisions"}],"predecessor-version":[{"id":10953,"href":"https:\/\/sironimo.com\/index.php\/wp-json\/wp\/v2\/posts\/10921\/revisions\/10953"}],"wp:attachment":[{"href":"https:\/\/sironimo.com\/index.php\/wp-json\/wp\/v2\/media?parent=10921"}],"wp:term":[{"taxonomy":"category","embeddable":true,"href":"https:\/\/sironimo.com\/index.php\/wp-json\/wp\/v2\/categories?post=10921"},{"taxonomy":"post_tag","embeddable":true,"href":"https:\/\/sironimo.com\/index.php\/wp-json\/wp\/v2\/tags?post=10921"}],"curies":[{"name":"wp","href":"https:\/\/api.w.org\/{rel}","templated":true}]}}