{"id":14729,"date":"2016-03-25T17:50:37","date_gmt":"2016-03-25T15:50:37","guid":{"rendered":"http:\/\/sironimo.com\/?p=14729"},"modified":"2016-04-04T16:19:00","modified_gmt":"2016-04-04T14:19:00","slug":"voyage-bruxelles-premier-jour-26-fevrier-2016","status":"publish","type":"post","link":"https:\/\/sironimo.com\/index.php\/2016\/03\/25\/voyage-bruxelles-premier-jour-26-fevrier-2016\/","title":{"rendered":"Voyage : Bruxelles premier jour (26 f\u00e9vrier 2016)"},"content":{"rendered":"<blockquote>\n<p style=\"text-align: justify;\"><span style=\"color: #800080;\">J&rsquo;avais pr\u00e9vu ces articles sur Bruxelles bien avant les tristes \u00e9v\u00e9nements du 22 mars, et je pense justement rendre hommage \u00e0 cette ville en parlant de tout ce qu&rsquo;il y a de bien \u00e0 y faire\/voir ! Toutes mes pens\u00e9es vont vers eux&#8230;<br \/>\n<\/span><\/p>\n<\/blockquote>\n<p style=\"text-align: justify;\">Comme promis, voici un petit topo de notre premier jour \u00e0 Bruxelles, le vendredi 26 fev 2106.<\/p>\n<p style=\"text-align: justify;\"><a class=\"lytebox\" href=\"http:\/\/sironimo.com\/\/wp-content\/images\/2016\/03\/bruxelles_batiments_fev_2016-3.jpg\" rel=\"attachment wp-att-14756\"><img loading=\"lazy\" decoding=\"async\" class=\"aligncenter wp-image-14756 size-full\" src=\"http:\/\/sironimo.com\/\/wp-content\/images\/2016\/03\/bruxelles_batiments_fev_2016-3.jpg\" alt=\"bruxelles_batiments_fev_2016 (3)\" width=\"1280\" height=\"960\" srcset=\"https:\/\/sironimo.com\/\/wp-content\/images\/2016\/03\/bruxelles_batiments_fev_2016-3.jpg 1280w, https:\/\/sironimo.com\/\/wp-content\/images\/2016\/03\/bruxelles_batiments_fev_2016-3-260x195.jpg 260w, https:\/\/sironimo.com\/\/wp-content\/images\/2016\/03\/bruxelles_batiments_fev_2016-3-768x576.jpg 768w, https:\/\/sironimo.com\/\/wp-content\/images\/2016\/03\/bruxelles_batiments_fev_2016-3-450x338.jpg 450w, https:\/\/sironimo.com\/\/wp-content\/images\/2016\/03\/bruxelles_batiments_fev_2016-3-400x300.jpg 400w\" sizes=\"(max-width: 1280px) 100vw, 1280px\" \/><\/a><\/p>\n<p style=\"text-align: justify;\">On d\u00e9barque directement\u00a0au petit matin sur la <strong>Grand-Place<\/strong> d\u00e9serte. Les dorures brillent au soleil et nous \u00e9blouissent et la place est vraiment \u00e0 voir. Les b\u00e2timents qui font tout le tour sont vraiment bien classes, historiques et sont rutilants (ils ont d\u00fb \u00eatre nettoy\u00e9s r\u00e9cemment).<\/p>\n<p style=\"text-align: center;\"><a class=\"lytebox\" href=\"http:\/\/sironimo.com\/\/wp-content\/images\/2016\/03\/bruxelles_batiments_fev_2016-4.jpg\"><img loading=\"lazy\" decoding=\"async\" class=\"alignnone wp-image-14757\" src=\"http:\/\/sironimo.com\/\/wp-content\/images\/2016\/03\/bruxelles_batiments_fev_2016-4-338x450.jpg\" alt=\"bruxelles_batiments_fev_2016 (4)\" width=\"260\" height=\"343\" \/><\/a><a class=\"lytebox\" href=\"http:\/\/sironimo.com\/\/wp-content\/images\/2016\/03\/belgique_bruxelles_gran_place_26_fev_2016-7.jpg\"><img loading=\"lazy\" decoding=\"async\" class=\"alignnone wp-image-14779\" src=\"http:\/\/sironimo.com\/\/wp-content\/images\/2016\/03\/belgique_bruxelles_gran_place_26_fev_2016-7-338x450.jpg\" alt=\"belgique_bruxelles_gran_place_26_fev_2016 (7)\" width=\"260\" height=\"347\" srcset=\"https:\/\/sironimo.com\/\/wp-content\/images\/2016\/03\/belgique_bruxelles_gran_place_26_fev_2016-7-338x450.jpg 338w, https:\/\/sironimo.com\/\/wp-content\/images\/2016\/03\/belgique_bruxelles_gran_place_26_fev_2016-7-195x260.jpg 195w, https:\/\/sironimo.com\/\/wp-content\/images\/2016\/03\/belgique_bruxelles_gran_place_26_fev_2016-7-768x1024.jpg 768w, https:\/\/sironimo.com\/\/wp-content\/images\/2016\/03\/belgique_bruxelles_gran_place_26_fev_2016-7-225x300.jpg 225w, https:\/\/sironimo.com\/\/wp-content\/images\/2016\/03\/belgique_bruxelles_gran_place_26_fev_2016-7.jpg 960w\" sizes=\"(max-width: 260px) 100vw, 260px\" \/><\/a><\/p>\n<p style=\"text-align: justify;\"><a class=\"lytebox\" href=\"http:\/\/sironimo.com\/\/wp-content\/images\/2016\/03\/belgique_bruxelles_gran_place_26_fev_2016-8.jpg\"><img loading=\"lazy\" decoding=\"async\" class=\"wp-image-14780 size-large aligncenter\" src=\"http:\/\/sironimo.com\/\/wp-content\/images\/2016\/03\/belgique_bruxelles_gran_place_26_fev_2016-8-450x338.jpg\" alt=\"belgique_bruxelles_gran_place_26_fev_2016 (8)\" width=\"450\" height=\"338\" srcset=\"https:\/\/sironimo.com\/\/wp-content\/images\/2016\/03\/belgique_bruxelles_gran_place_26_fev_2016-8-450x338.jpg 450w, https:\/\/sironimo.com\/\/wp-content\/images\/2016\/03\/belgique_bruxelles_gran_place_26_fev_2016-8-260x195.jpg 260w, https:\/\/sironimo.com\/\/wp-content\/images\/2016\/03\/belgique_bruxelles_gran_place_26_fev_2016-8-768x576.jpg 768w, https:\/\/sironimo.com\/\/wp-content\/images\/2016\/03\/belgique_bruxelles_gran_place_26_fev_2016-8-400x300.jpg 400w, https:\/\/sironimo.com\/\/wp-content\/images\/2016\/03\/belgique_bruxelles_gran_place_26_fev_2016-8.jpg 1280w\" sizes=\"(max-width: 450px) 100vw, 450px\" \/><\/a>Beau ciel bleu n&rsquo;est-ce-pas ?<!--more--><\/p>\n<p style=\"text-align: center;\"><a class=\"lytebox\" href=\"http:\/\/sironimo.com\/\/wp-content\/images\/2016\/03\/belgique_bruxelles_gran_place_26_fev_2016-4.jpg\"><img loading=\"lazy\" decoding=\"async\" class=\"alignnone wp-image-14776 size-medium\" src=\"http:\/\/sironimo.com\/\/wp-content\/images\/2016\/03\/belgique_bruxelles_gran_place_26_fev_2016-4-195x260.jpg\" alt=\"belgique_bruxelles_gran_place_26_fev_2016 (4)\" width=\"195\" height=\"260\" srcset=\"https:\/\/sironimo.com\/\/wp-content\/images\/2016\/03\/belgique_bruxelles_gran_place_26_fev_2016-4-195x260.jpg 195w, https:\/\/sironimo.com\/\/wp-content\/images\/2016\/03\/belgique_bruxelles_gran_place_26_fev_2016-4-768x1024.jpg 768w, https:\/\/sironimo.com\/\/wp-content\/images\/2016\/03\/belgique_bruxelles_gran_place_26_fev_2016-4-338x450.jpg 338w, https:\/\/sironimo.com\/\/wp-content\/images\/2016\/03\/belgique_bruxelles_gran_place_26_fev_2016-4-225x300.jpg 225w, https:\/\/sironimo.com\/\/wp-content\/images\/2016\/03\/belgique_bruxelles_gran_place_26_fev_2016-4.jpg 960w\" sizes=\"(max-width: 195px) 100vw, 195px\" \/><\/a> <a class=\"lytebox\" href=\"http:\/\/sironimo.com\/\/wp-content\/images\/2016\/03\/belgique_bruxelles_gran_place_26_fev_2016-5.jpg\"><img loading=\"lazy\" decoding=\"async\" class=\"alignnone wp-image-14777 size-medium\" src=\"http:\/\/sironimo.com\/\/wp-content\/images\/2016\/03\/belgique_bruxelles_gran_place_26_fev_2016-5-195x260.jpg\" alt=\"belgique_bruxelles_gran_place_26_fev_2016 (5)\" width=\"195\" height=\"260\" srcset=\"https:\/\/sironimo.com\/\/wp-content\/images\/2016\/03\/belgique_bruxelles_gran_place_26_fev_2016-5-195x260.jpg 195w, https:\/\/sironimo.com\/\/wp-content\/images\/2016\/03\/belgique_bruxelles_gran_place_26_fev_2016-5-768x1024.jpg 768w, https:\/\/sironimo.com\/\/wp-content\/images\/2016\/03\/belgique_bruxelles_gran_place_26_fev_2016-5-338x450.jpg 338w, https:\/\/sironimo.com\/\/wp-content\/images\/2016\/03\/belgique_bruxelles_gran_place_26_fev_2016-5-225x300.jpg 225w, https:\/\/sironimo.com\/\/wp-content\/images\/2016\/03\/belgique_bruxelles_gran_place_26_fev_2016-5.jpg 960w\" sizes=\"(max-width: 195px) 100vw, 195px\" \/><\/a><\/p>\n<p>\u00a0 Il y a un oiseau et un h\u00e9licopt\u00e8re dans l&rsquo;image suivante, les voyez-vous ? ;)<a class=\"lytebox\" href=\"http:\/\/sironimo.com\/\/wp-content\/images\/2016\/03\/belgique_bruxelles_gran_place_26_fev_2016-6.jpg\"><img loading=\"lazy\" decoding=\"async\" class=\"aligncenter wp-image-14824 size-large\" src=\"http:\/\/sironimo.com\/\/wp-content\/images\/2016\/03\/belgique_bruxelles_gran_place_26_fev_2016-6-450x329.jpg\" alt=\"belgique_bruxelles_gran_place_26_fev_2016 (6)\" width=\"450\" height=\"329\" srcset=\"https:\/\/sironimo.com\/\/wp-content\/images\/2016\/03\/belgique_bruxelles_gran_place_26_fev_2016-6-450x329.jpg 450w, https:\/\/sironimo.com\/\/wp-content\/images\/2016\/03\/belgique_bruxelles_gran_place_26_fev_2016-6-260x190.jpg 260w, https:\/\/sironimo.com\/\/wp-content\/images\/2016\/03\/belgique_bruxelles_gran_place_26_fev_2016-6-768x561.jpg 768w, https:\/\/sironimo.com\/\/wp-content\/images\/2016\/03\/belgique_bruxelles_gran_place_26_fev_2016-6-411x300.jpg 411w, https:\/\/sironimo.com\/\/wp-content\/images\/2016\/03\/belgique_bruxelles_gran_place_26_fev_2016-6.jpg 1261w\" sizes=\"(max-width: 450px) 100vw, 450px\" \/><\/a><\/p>\n<p><a class=\"lytebox\" href=\"http:\/\/sironimo.com\/\/wp-content\/images\/2016\/03\/belgique_bruxelles_gran_place_26_fev_2016-9.jpg\"><img loading=\"lazy\" decoding=\"async\" class=\"aligncenter wp-image-14781 size-large\" src=\"http:\/\/sironimo.com\/\/wp-content\/images\/2016\/03\/belgique_bruxelles_gran_place_26_fev_2016-9-338x450.jpg\" alt=\"belgique_bruxelles_gran_place_26_fev_2016 (9)\" width=\"338\" height=\"450\" srcset=\"https:\/\/sironimo.com\/\/wp-content\/images\/2016\/03\/belgique_bruxelles_gran_place_26_fev_2016-9-338x450.jpg 338w, https:\/\/sironimo.com\/\/wp-content\/images\/2016\/03\/belgique_bruxelles_gran_place_26_fev_2016-9-195x260.jpg 195w, https:\/\/sironimo.com\/\/wp-content\/images\/2016\/03\/belgique_bruxelles_gran_place_26_fev_2016-9-768x1024.jpg 768w, https:\/\/sironimo.com\/\/wp-content\/images\/2016\/03\/belgique_bruxelles_gran_place_26_fev_2016-9-225x300.jpg 225w, https:\/\/sironimo.com\/\/wp-content\/images\/2016\/03\/belgique_bruxelles_gran_place_26_fev_2016-9.jpg 960w\" sizes=\"(max-width: 338px) 100vw, 338px\" \/><\/a>Apr\u00e8s avoir regard\u00e9 \u00e0 360\u00b0 autour de nous, on prend une petite rue\u00a0en contre bas, et voila un peu plus loin le c\u00e9l\u00e8bre <em><strong>manneken-pis<\/strong><\/em> !<\/p>\n<p><a class=\"lytebox\" href=\"http:\/\/sironimo.com\/\/wp-content\/images\/2016\/03\/manneken-pis_01_bruxelles_fev_2016.jpg\"><img loading=\"lazy\" decoding=\"async\" class=\"alignnone wp-image-14821\" src=\"http:\/\/sironimo.com\/\/wp-content\/images\/2016\/03\/manneken-pis_01_bruxelles_fev_2016-338x450.jpg\" alt=\"manneken-pis_01_bruxelles_fev_2016\" width=\"260\" height=\"343\" \/>\u00a0<\/a><a class=\"lytebox\" href=\"http:\/\/sironimo.com\/\/wp-content\/images\/2016\/03\/manneken-pis_02_bruxelles_fev_2016.jpg\"><img loading=\"lazy\" decoding=\"async\" class=\"alignnone wp-image-14832\" src=\"http:\/\/sironimo.com\/\/wp-content\/images\/2016\/03\/manneken-pis_02_bruxelles_fev_2016-338x450.jpg\" alt=\"manneken-pis_02_bruxelles_fev_2016\" width=\"261\" height=\"345\" \/><\/a><\/p>\n<p style=\"text-align: justify;\">On a eut la chance de le voir une fois \u00ab\u00a0tout nu\u00a0\u00bb et une fois habill\u00e9 avec&#8230;des papiers journaux et un livre ! (et je ne dis pas \u00ab\u00a0une fois\u00a0\u00bb pour faire Belge, c&rsquo;est juste qu&rsquo;on est all\u00e9 lui rendre visite tous les jours).<\/p>\n<p style=\"text-align: justify;\">Petit gaufre traditionnelle (m\u00eame si je pense qu&rsquo;on a mang\u00e9 que des gaufres Li\u00e9geoises et non Bruxelloise, car c&rsquo;est celle qui est la plus r\u00e9pandue), couverte de cr\u00e8me de Sp\u00e9culoos pour ma part !<\/p>\n<p style=\"text-align: justify;\"><a class=\"lytebox\" href=\"http:\/\/sironimo.com\/\/wp-content\/images\/2016\/03\/bruxelles_fev_2016_gaufre.jpg\"><img loading=\"lazy\" decoding=\"async\" class=\"aligncenter wp-image-14811 \" src=\"http:\/\/sironimo.com\/\/wp-content\/images\/2016\/03\/bruxelles_fev_2016_gaufre-195x260.jpg\" alt=\"bruxelles_fev_2016_gaufre\" width=\"246\" height=\"323\" \/><\/a>Un peu sucr\u00e9e, mais bien bon !<br \/>\nPour les magasins de gaufres, on peut en trouver al\u00e9atoirement, mais sinon dans la rue qui va de la Grand-Place au Manneken-pis, vous aurez toutes les \u00e9choppes de gaufres rassembl\u00e9es au m\u00eame endroit pour plus de choix (m\u00eame si elles vendent grosso-modo toutes la m\u00eame chose).<\/p>\n<p style=\"text-align: justify;\">On a aussi mang\u00e9 une tartine traditionnelle dans un<em> Estaminet<\/em> (une sorte de bar\/brasserie) <strong>A<\/strong> <strong>La Mort Subite<\/strong>. Ils font des bi\u00e8res super bonnes, notamment des Kriek Mort Subite pression \u00e0 gouter ! (la blanche est tr\u00e8s bonne aussi). Et le lieu vaut le d\u00e9tour.<\/p>\n<p style=\"text-align: justify;\"><a class=\"lytebox\" href=\"http:\/\/sironimo.com\/\/wp-content\/images\/2016\/03\/bruxelles_fev_2016_a_la_mort_subite-2.jpg\"><img loading=\"lazy\" decoding=\"async\" class=\"aligncenter wp-image-14790 size-full\" src=\"http:\/\/sironimo.com\/\/wp-content\/images\/2016\/03\/bruxelles_fev_2016_a_la_mort_subite-2.jpg\" alt=\"bruxelles_fev_2016_a_la_mort_subite (2)\" width=\"1280\" height=\"960\" srcset=\"https:\/\/sironimo.com\/\/wp-content\/images\/2016\/03\/bruxelles_fev_2016_a_la_mort_subite-2.jpg 1280w, https:\/\/sironimo.com\/\/wp-content\/images\/2016\/03\/bruxelles_fev_2016_a_la_mort_subite-2-260x195.jpg 260w, https:\/\/sironimo.com\/\/wp-content\/images\/2016\/03\/bruxelles_fev_2016_a_la_mort_subite-2-768x576.jpg 768w, https:\/\/sironimo.com\/\/wp-content\/images\/2016\/03\/bruxelles_fev_2016_a_la_mort_subite-2-450x338.jpg 450w, https:\/\/sironimo.com\/\/wp-content\/images\/2016\/03\/bruxelles_fev_2016_a_la_mort_subite-2-400x300.jpg 400w\" sizes=\"(max-width: 1280px) 100vw, 1280px\" \/><\/a><\/p>\n<p style=\"text-align: justify;\"><a class=\"lytebox\" href=\"http:\/\/sironimo.com\/\/wp-content\/images\/2016\/03\/bruxelles_fev_2016_a_la_mort_subite-1.jpg\"><img loading=\"lazy\" decoding=\"async\" class=\"alignnone wp-image-14789\" src=\"http:\/\/sironimo.com\/\/wp-content\/images\/2016\/03\/bruxelles_fev_2016_a_la_mort_subite-1-338x450.jpg\" alt=\"bruxelles_fev_2016_a_la_mort_subite (1)\" width=\"258\" height=\"341\" \/><\/a> <a class=\"lytebox\" href=\"http:\/\/sironimo.com\/\/wp-content\/images\/2016\/03\/bruxelles_fev_2016_a_la_mort_subite-3.jpg\"><img loading=\"lazy\" decoding=\"async\" class=\"alignnone wp-image-14791\" src=\"http:\/\/sironimo.com\/\/wp-content\/images\/2016\/03\/bruxelles_fev_2016_a_la_mort_subite-3-338x450.jpg\" alt=\"bruxelles_fev_2016_a_la_mort_subite (3)\" width=\"258\" height=\"341\" \/><\/a><\/p>\n<p style=\"text-align: justify;\">Il faut savoir qu&rsquo;en Belgique les bars sont des <em><strong>e<\/strong><strong>staminets<\/strong><\/em> (\u00e7a correspond \u00e0 la brasserie Parisienne, mais les brasseries en\u00a0Belgique sont les \u00ab\u00a0usines\u00a0\u00bb qui fabriquent la bi\u00e8re)\u00a0et chaque marque de bi\u00e8re a son bar\/estaminet : l<em><strong>e Caf\u00e9 Leffe, Le Delirium Caf\u00e9, A La Mort Subite<\/strong><\/em> et j&rsquo;en passe !<\/p>\n<p style=\"text-align: justify;\">Pour dig\u00e9rer un peu tout \u00e7a, petit tour en centre-ville, petite promenade (tant qu&rsquo;il fait beau, il doit pleuvoir le lendemain), o\u00f9 de nombreuses maison anciennes sont vraiment jolies et ont du style.<\/p>\n<p style=\"text-align: justify;\"><a class=\"lytebox\" href=\"http:\/\/sironimo.com\/\/wp-content\/images\/2016\/03\/bruxelles_batiments_fev_2016-5-1.jpg\"><img loading=\"lazy\" decoding=\"async\" class=\"alignnone wp-image-14822 size-full\" src=\"http:\/\/sironimo.com\/\/wp-content\/images\/2016\/03\/bruxelles_batiments_fev_2016-5-1.jpg\" alt=\"bruxelles_batiments_fev_2016 (5)\" width=\"960\" height=\"1280\" srcset=\"https:\/\/sironimo.com\/\/wp-content\/images\/2016\/03\/bruxelles_batiments_fev_2016-5-1.jpg 960w, https:\/\/sironimo.com\/\/wp-content\/images\/2016\/03\/bruxelles_batiments_fev_2016-5-1-195x260.jpg 195w, https:\/\/sironimo.com\/\/wp-content\/images\/2016\/03\/bruxelles_batiments_fev_2016-5-1-768x1024.jpg 768w, https:\/\/sironimo.com\/\/wp-content\/images\/2016\/03\/bruxelles_batiments_fev_2016-5-1-338x450.jpg 338w, https:\/\/sironimo.com\/\/wp-content\/images\/2016\/03\/bruxelles_batiments_fev_2016-5-1-225x300.jpg 225w\" sizes=\"(max-width: 960px) 100vw, 960px\" \/><\/a><\/p>\n<p style=\"text-align: center;\"><a class=\"lytebox\" href=\"http:\/\/sironimo.com\/\/wp-content\/images\/2016\/03\/bruxelles_batiments_fev_2016-4-1.jpg\"><img loading=\"lazy\" decoding=\"async\" class=\"alignnone wp-image-14785 size-full\" src=\"http:\/\/sironimo.com\/\/wp-content\/images\/2016\/03\/bruxelles_batiments_fev_2016-4-1.jpg\" alt=\"bruxelles_batiments_fev_2016 (4)\" width=\"960\" height=\"1280\" srcset=\"https:\/\/sironimo.com\/\/wp-content\/images\/2016\/03\/bruxelles_batiments_fev_2016-4-1.jpg 960w, https:\/\/sironimo.com\/\/wp-content\/images\/2016\/03\/bruxelles_batiments_fev_2016-4-1-195x260.jpg 195w, https:\/\/sironimo.com\/\/wp-content\/images\/2016\/03\/bruxelles_batiments_fev_2016-4-1-768x1024.jpg 768w, https:\/\/sironimo.com\/\/wp-content\/images\/2016\/03\/bruxelles_batiments_fev_2016-4-1-338x450.jpg 338w, https:\/\/sironimo.com\/\/wp-content\/images\/2016\/03\/bruxelles_batiments_fev_2016-4-1-225x300.jpg 225w\" sizes=\"(max-width: 960px) 100vw, 960px\" \/><\/a> <a class=\"lytebox\" href=\"http:\/\/sironimo.com\/\/wp-content\/images\/2016\/03\/bruxelles_batiments_fev_2016-1-1.jpg\"><img loading=\"lazy\" decoding=\"async\" class=\"alignnone wp-image-14782 size-full\" src=\"http:\/\/sironimo.com\/\/wp-content\/images\/2016\/03\/bruxelles_batiments_fev_2016-1-1.jpg\" alt=\"bruxelles_batiments_fev_2016 (1)\" width=\"960\" height=\"1280\" srcset=\"https:\/\/sironimo.com\/\/wp-content\/images\/2016\/03\/bruxelles_batiments_fev_2016-1-1.jpg 960w, https:\/\/sironimo.com\/\/wp-content\/images\/2016\/03\/bruxelles_batiments_fev_2016-1-1-195x260.jpg 195w, https:\/\/sironimo.com\/\/wp-content\/images\/2016\/03\/bruxelles_batiments_fev_2016-1-1-768x1024.jpg 768w, https:\/\/sironimo.com\/\/wp-content\/images\/2016\/03\/bruxelles_batiments_fev_2016-1-1-338x450.jpg 338w, https:\/\/sironimo.com\/\/wp-content\/images\/2016\/03\/bruxelles_batiments_fev_2016-1-1-225x300.jpg 225w\" sizes=\"(max-width: 960px) 100vw, 960px\" \/><\/a> <a class=\"lytebox\" href=\"http:\/\/sironimo.com\/\/wp-content\/images\/2016\/03\/bruxelles_batiments_fev_2016-2-1.jpg\"><img loading=\"lazy\" decoding=\"async\" class=\"alignnone wp-image-14783 size-full\" src=\"http:\/\/sironimo.com\/\/wp-content\/images\/2016\/03\/bruxelles_batiments_fev_2016-2-1.jpg\" alt=\"bruxelles_batiments_fev_2016 (2)\" width=\"960\" height=\"1280\" srcset=\"https:\/\/sironimo.com\/\/wp-content\/images\/2016\/03\/bruxelles_batiments_fev_2016-2-1.jpg 960w, https:\/\/sironimo.com\/\/wp-content\/images\/2016\/03\/bruxelles_batiments_fev_2016-2-1-195x260.jpg 195w, https:\/\/sironimo.com\/\/wp-content\/images\/2016\/03\/bruxelles_batiments_fev_2016-2-1-768x1024.jpg 768w, https:\/\/sironimo.com\/\/wp-content\/images\/2016\/03\/bruxelles_batiments_fev_2016-2-1-338x450.jpg 338w, https:\/\/sironimo.com\/\/wp-content\/images\/2016\/03\/bruxelles_batiments_fev_2016-2-1-225x300.jpg 225w\" sizes=\"(max-width: 960px) 100vw, 960px\" \/><\/a> <a class=\"lytebox\" href=\"http:\/\/sironimo.com\/\/wp-content\/images\/2016\/03\/bruxelles_batiments_fev_2016-3-1.jpg\"><img loading=\"lazy\" decoding=\"async\" class=\"alignnone wp-image-14784 size-full\" src=\"http:\/\/sironimo.com\/\/wp-content\/images\/2016\/03\/bruxelles_batiments_fev_2016-3-1.jpg\" alt=\"bruxelles_batiments_fev_2016 (3)\" width=\"960\" height=\"1280\" srcset=\"https:\/\/sironimo.com\/\/wp-content\/images\/2016\/03\/bruxelles_batiments_fev_2016-3-1.jpg 960w, https:\/\/sironimo.com\/\/wp-content\/images\/2016\/03\/bruxelles_batiments_fev_2016-3-1-195x260.jpg 195w, https:\/\/sironimo.com\/\/wp-content\/images\/2016\/03\/bruxelles_batiments_fev_2016-3-1-768x1024.jpg 768w, https:\/\/sironimo.com\/\/wp-content\/images\/2016\/03\/bruxelles_batiments_fev_2016-3-1-338x450.jpg 338w, https:\/\/sironimo.com\/\/wp-content\/images\/2016\/03\/bruxelles_batiments_fev_2016-3-1-225x300.jpg 225w\" sizes=\"(max-width: 960px) 100vw, 960px\" \/><\/a><\/p>\n<p style=\"text-align: justify;\">Direction le parc <strong>Mont des Arts<\/strong> qui permet d&rsquo;avoir une vue sur la ville vraiment pas mal, surtout avec ce ciel bleu.<br \/>\nEncore une oiseau ? ;)<\/p>\n<p style=\"text-align: center;\"><a class=\"lytebox\" href=\"http:\/\/sironimo.com\/\/wp-content\/images\/2016\/03\/bruxelles_vus_mont_des_art_fev_2016-2.jpg\"><img loading=\"lazy\" decoding=\"async\" class=\"aligncenter wp-image-14819 size-full\" src=\"http:\/\/sironimo.com\/\/wp-content\/images\/2016\/03\/bruxelles_vus_mont_des_art_fev_2016-2.jpg\" alt=\"bruxelles_vus_mont_des_art_fev_2016 (2)\" width=\"960\" height=\"1280\" srcset=\"https:\/\/sironimo.com\/\/wp-content\/images\/2016\/03\/bruxelles_vus_mont_des_art_fev_2016-2.jpg 960w, https:\/\/sironimo.com\/\/wp-content\/images\/2016\/03\/bruxelles_vus_mont_des_art_fev_2016-2-195x260.jpg 195w, https:\/\/sironimo.com\/\/wp-content\/images\/2016\/03\/bruxelles_vus_mont_des_art_fev_2016-2-768x1024.jpg 768w, https:\/\/sironimo.com\/\/wp-content\/images\/2016\/03\/bruxelles_vus_mont_des_art_fev_2016-2-338x450.jpg 338w, https:\/\/sironimo.com\/\/wp-content\/images\/2016\/03\/bruxelles_vus_mont_des_art_fev_2016-2-225x300.jpg 225w\" sizes=\"(max-width: 960px) 100vw, 960px\" \/><\/a><\/p>\n<p style=\"text-align: center;\"><a class=\"lytebox\" href=\"http:\/\/sironimo.com\/\/wp-content\/images\/2016\/03\/bruxelles_vus_mont_des_art_fev_2016-3.jpg\"><img loading=\"lazy\" decoding=\"async\" class=\"alignnone wp-image-14820\" src=\"http:\/\/sironimo.com\/\/wp-content\/images\/2016\/03\/bruxelles_vus_mont_des_art_fev_2016-3-338x450.jpg\" alt=\"bruxelles_vus_mont_des_art_fev_2016 (3)\" width=\"258\" height=\"341\" \/><\/a>\u00a0 <a class=\"lytebox\" href=\"http:\/\/sironimo.com\/\/wp-content\/images\/2016\/03\/bruxelles_vus_mont_des_art_fev_2016-1.jpg\"><img loading=\"lazy\" decoding=\"async\" class=\"alignnone wp-image-14818\" src=\"http:\/\/sironimo.com\/\/wp-content\/images\/2016\/03\/bruxelles_vus_mont_des_art_fev_2016-1-319x450.jpg\" alt=\"bruxelles_vus_mont_des_art_fev_2016 (1)\" width=\"241\" height=\"336\" \/><\/a><\/p>\n<p style=\"text-align: justify;\">Et puis, dans un coin du <strong>Mont des Arts<\/strong> il y a un ancien carillon avec des personnages (qui ne sont plus anim\u00e9s malheureusement) que mon papa allait voir quand il \u00e9tait petit.<\/p>\n<p style=\"text-align: center;\"><a class=\"lytebox\" href=\"http:\/\/sironimo.com\/\/wp-content\/images\/2016\/03\/Bruxelles_carillon_mont_des_arts_fev_2016-4.jpg\" rel=\"attachment wp-att-14788\"><img loading=\"lazy\" decoding=\"async\" class=\"alignnone size-large wp-image-14788 aligncenter\" src=\"http:\/\/sironimo.com\/\/wp-content\/images\/2016\/03\/Bruxelles_carillon_mont_des_arts_fev_2016-4-450x338.jpg\" alt=\"Bruxelles_carillon_mont_des_arts_fev_2016 (4)\" width=\"450\" height=\"338\" srcset=\"https:\/\/sironimo.com\/\/wp-content\/images\/2016\/03\/Bruxelles_carillon_mont_des_arts_fev_2016-4-450x338.jpg 450w, https:\/\/sironimo.com\/\/wp-content\/images\/2016\/03\/Bruxelles_carillon_mont_des_arts_fev_2016-4-260x195.jpg 260w, https:\/\/sironimo.com\/\/wp-content\/images\/2016\/03\/Bruxelles_carillon_mont_des_arts_fev_2016-4-768x576.jpg 768w, https:\/\/sironimo.com\/\/wp-content\/images\/2016\/03\/Bruxelles_carillon_mont_des_arts_fev_2016-4-400x300.jpg 400w, https:\/\/sironimo.com\/\/wp-content\/images\/2016\/03\/Bruxelles_carillon_mont_des_arts_fev_2016-4.jpg 1280w\" sizes=\"(max-width: 450px) 100vw, 450px\" \/><\/a>\u00a0 <a class=\"lytebox\" href=\"http:\/\/sironimo.com\/\/wp-content\/images\/2016\/03\/Bruxelles_carillon_mont_des_arts_fev_2016-0.jpg\"><img loading=\"lazy\" decoding=\"async\" class=\"alignnone wp-image-14786\" src=\"http:\/\/sironimo.com\/\/wp-content\/images\/2016\/03\/Bruxelles_carillon_mont_des_arts_fev_2016-0-338x450.jpg\" alt=\"Bruxelles_carillon_mont_des_arts_fev_2016 (0)\" width=\"261\" height=\"345\" \/><\/a><a class=\"lytebox\" href=\"http:\/\/sironimo.com\/\/wp-content\/images\/2016\/03\/Bruxelles_carillon_mont_des_arts_fev_2016-2.jpg\"><img loading=\"lazy\" decoding=\"async\" class=\"alignnone wp-image-14787\" src=\"http:\/\/sironimo.com\/\/wp-content\/images\/2016\/03\/Bruxelles_carillon_mont_des_arts_fev_2016-2-338x450.jpg\" alt=\"Bruxelles_carillon_mont_des_arts_fev_2016 (2)\" width=\"261\" height=\"345\" \/><\/a><\/p>\n<p style=\"text-align: justify;\">Du coup j&rsquo;\u00e9tais contente d&rsquo;entendre ce carillon !<\/p>\n<p style=\"text-align: justify;\">Ensuite, comme il faisait un temps radieux, nous sommes partis voir le fameux <strong>Atomium, <\/strong>construit \u00e0 l&rsquo;occasion de l&rsquo;Exposition universelle de 1958.<\/p>\n<p style=\"text-align: center;\"><a class=\"lytebox\" href=\"http:\/\/sironimo.com\/\/wp-content\/images\/2016\/03\/Bruxelles_fev_2016_atomium-1.jpg\"><img loading=\"lazy\" decoding=\"async\" class=\"alignnone size-full wp-image-14792\" src=\"http:\/\/sironimo.com\/\/wp-content\/images\/2016\/03\/Bruxelles_fev_2016_atomium-1.jpg\" alt=\"Bruxelles_fev_2016_atomium (1)\" width=\"1224\" height=\"1632\" srcset=\"https:\/\/sironimo.com\/\/wp-content\/images\/2016\/03\/Bruxelles_fev_2016_atomium-1.jpg 1224w, https:\/\/sironimo.com\/\/wp-content\/images\/2016\/03\/Bruxelles_fev_2016_atomium-1-195x260.jpg 195w, https:\/\/sironimo.com\/\/wp-content\/images\/2016\/03\/Bruxelles_fev_2016_atomium-1-768x1024.jpg 768w, https:\/\/sironimo.com\/\/wp-content\/images\/2016\/03\/Bruxelles_fev_2016_atomium-1-338x450.jpg 338w, https:\/\/sironimo.com\/\/wp-content\/images\/2016\/03\/Bruxelles_fev_2016_atomium-1-225x300.jpg 225w\" sizes=\"(max-width: 1224px) 100vw, 1224px\" \/><\/a><\/p>\n<p style=\"text-align: center;\"><a class=\"lytebox\" href=\"http:\/\/sironimo.com\/\/wp-content\/images\/2016\/03\/Bruxelles_fev_2016_atomium-10.jpg\" rel=\"attachment wp-att-14797\"><img loading=\"lazy\" decoding=\"async\" class=\"alignnone size-full wp-image-14797\" src=\"http:\/\/sironimo.com\/\/wp-content\/images\/2016\/03\/Bruxelles_fev_2016_atomium-10.jpg\" alt=\"Bruxelles_fev_2016_atomium (10)\" width=\"960\" height=\"1280\" srcset=\"https:\/\/sironimo.com\/\/wp-content\/images\/2016\/03\/Bruxelles_fev_2016_atomium-10.jpg 960w, https:\/\/sironimo.com\/\/wp-content\/images\/2016\/03\/Bruxelles_fev_2016_atomium-10-195x260.jpg 195w, https:\/\/sironimo.com\/\/wp-content\/images\/2016\/03\/Bruxelles_fev_2016_atomium-10-768x1024.jpg 768w, https:\/\/sironimo.com\/\/wp-content\/images\/2016\/03\/Bruxelles_fev_2016_atomium-10-338x450.jpg 338w, https:\/\/sironimo.com\/\/wp-content\/images\/2016\/03\/Bruxelles_fev_2016_atomium-10-225x300.jpg 225w\" sizes=\"(max-width: 960px) 100vw, 960px\" \/><\/a><\/p>\n<p style=\"text-align: justify;\">Son m\u00e9tal est vraiment brillant et, avec le beau temps, c&rsquo;\u00e9tait chouette \u00e0 voir. C&rsquo;est un v\u00e9ritable symbole, un peu en dehors de la ville.<\/p>\n<p style=\"text-align: justify;\"><a class=\"lytebox\" href=\"http:\/\/sironimo.com\/\/wp-content\/images\/2016\/03\/Bruxelles_fev_2016_atomium-12.jpg\" rel=\"attachment wp-att-14798\"><img loading=\"lazy\" decoding=\"async\" class=\"alignnone wp-image-14798 \" src=\"http:\/\/sironimo.com\/\/wp-content\/images\/2016\/03\/Bruxelles_fev_2016_atomium-12-338x450.jpg\" alt=\"Bruxelles_fev_2016_atomium (12)\" width=\"258\" height=\"341\" \/>\u00a0<\/a><a class=\"lytebox\" href=\"http:\/\/sironimo.com\/\/wp-content\/images\/2016\/03\/Bruxelles_fev_2016_atomium_inside-9.jpg\" rel=\"attachment wp-att-14810\"><img loading=\"lazy\" decoding=\"async\" class=\"alignnone wp-image-14810\" src=\"http:\/\/sironimo.com\/\/wp-content\/images\/2016\/03\/Bruxelles_fev_2016_atomium_inside-9-338x450.jpg\" alt=\"Bruxelles_fev_2016_atomium_inside (9)\" width=\"257\" height=\"339\" \/><\/a><\/p>\n<p style=\"text-align: justify;\"><a class=\"lytebox\" href=\"http:\/\/sironimo.com\/\/wp-content\/images\/2016\/03\/Bruxelles_fev_2016_atomium-9.jpg\" rel=\"attachment wp-att-14796\"><img loading=\"lazy\" decoding=\"async\" class=\"alignnone wp-image-14796\" src=\"http:\/\/sironimo.com\/\/wp-content\/images\/2016\/03\/Bruxelles_fev_2016_atomium-9-338x450.jpg\" alt=\"Bruxelles_fev_2016_atomium (9)\" width=\"258\" height=\"341\" \/><\/a> <a class=\"lytebox\" href=\"http:\/\/sironimo.com\/\/wp-content\/images\/2016\/03\/Bruxelles_fev_2016_atomium-8.jpg\" rel=\"attachment wp-att-14795\"><img loading=\"lazy\" decoding=\"async\" class=\"alignnone wp-image-14795\" src=\"http:\/\/sironimo.com\/\/wp-content\/images\/2016\/03\/Bruxelles_fev_2016_atomium-8-338x450.jpg\" alt=\"Bruxelles_fev_2016_atomium (8)\" width=\"258\" height=\"341\" \/><\/a><\/p>\n<p style=\"text-align: justify;\"><a class=\"lytebox\" href=\"http:\/\/sironimo.com\/\/wp-content\/images\/2016\/03\/Bruxelles_fev_2016_atomium-7.jpg\" rel=\"attachment wp-att-14794\"><img loading=\"lazy\" decoding=\"async\" class=\"alignnone wp-image-14794\" src=\"http:\/\/sironimo.com\/\/wp-content\/images\/2016\/03\/Bruxelles_fev_2016_atomium-7-338x450.jpg\" alt=\"Bruxelles_fev_2016_atomium (7)\" width=\"258\" height=\"341\" \/><\/a> <a class=\"lytebox\" href=\"http:\/\/sironimo.com\/\/wp-content\/images\/2016\/03\/Bruxelles_fev_2016_atomium-14.jpg\" rel=\"attachment wp-att-14799\"><img loading=\"lazy\" decoding=\"async\" class=\"alignnone wp-image-14799\" src=\"http:\/\/sironimo.com\/\/wp-content\/images\/2016\/03\/Bruxelles_fev_2016_atomium-14-338x450.jpg\" alt=\"Bruxelles_fev_2016_atomium (14)\" width=\"258\" height=\"341\" \/><\/a><\/p>\n<p style=\"text-align: justify;\">On a ensuite visit\u00e9 l&rsquo;int\u00e9rieur (c&rsquo;est pas foufou je ne le conseille pas)&#8230; Qui retrace surtout l&rsquo;expo universelle de 1958 et la vie de cette \u00e9poque. Le gars\u00a0du guichet\u00a0a d&rsquo;ailleurs lourdement insist\u00e9 pour me faire payer le tarif \u00e9tudiant, donc&#8230; Pourquoi pas :p<\/p>\n<p style=\"text-align: justify;\"><a class=\"lytebox\" href=\"http:\/\/sironimo.com\/\/wp-content\/images\/2016\/03\/Bruxelles_fev_2016_atomium-6.jpg\" rel=\"attachment wp-att-14793\"><img loading=\"lazy\" decoding=\"async\" class=\"alignnone size-full wp-image-14793\" src=\"http:\/\/sironimo.com\/\/wp-content\/images\/2016\/03\/Bruxelles_fev_2016_atomium-6.jpg\" alt=\"Bruxelles_fev_2016_atomium (6)\" width=\"960\" height=\"1280\" srcset=\"https:\/\/sironimo.com\/\/wp-content\/images\/2016\/03\/Bruxelles_fev_2016_atomium-6.jpg 960w, https:\/\/sironimo.com\/\/wp-content\/images\/2016\/03\/Bruxelles_fev_2016_atomium-6-195x260.jpg 195w, https:\/\/sironimo.com\/\/wp-content\/images\/2016\/03\/Bruxelles_fev_2016_atomium-6-768x1024.jpg 768w, https:\/\/sironimo.com\/\/wp-content\/images\/2016\/03\/Bruxelles_fev_2016_atomium-6-338x450.jpg 338w, https:\/\/sironimo.com\/\/wp-content\/images\/2016\/03\/Bruxelles_fev_2016_atomium-6-225x300.jpg 225w\" sizes=\"(max-width: 960px) 100vw, 960px\" \/><\/a><\/p>\n<p style=\"text-align: justify;\">Le parc Mini-Europe \u00e0 cot\u00e9 \u00e9tait malheureusement ferm\u00e9 :\/&#8230;J&rsquo;aurais bien aim\u00e9 le visiter.<\/p>\n<p style=\"text-align: justify;\"><a class=\"lytebox\" href=\"http:\/\/sironimo.com\/\/wp-content\/images\/2016\/03\/bruxelles_fev_2016_mini_europe_02.jpg\"><img loading=\"lazy\" decoding=\"async\" class=\"size-large wp-image-14802 aligncenter\" src=\"http:\/\/sironimo.com\/\/wp-content\/images\/2016\/03\/Bruxelles_fev_2016_atomium_inside-1-338x450.jpg\" alt=\"Bruxelles_fev_2016_atomium_inside (1)\" width=\"338\" height=\"450\" srcset=\"https:\/\/sironimo.com\/\/wp-content\/images\/2016\/03\/Bruxelles_fev_2016_atomium_inside-1-338x450.jpg 338w, https:\/\/sironimo.com\/\/wp-content\/images\/2016\/03\/Bruxelles_fev_2016_atomium_inside-1-195x260.jpg 195w, https:\/\/sironimo.com\/\/wp-content\/images\/2016\/03\/Bruxelles_fev_2016_atomium_inside-1-768x1024.jpg 768w, https:\/\/sironimo.com\/\/wp-content\/images\/2016\/03\/Bruxelles_fev_2016_atomium_inside-1-225x300.jpg 225w, https:\/\/sironimo.com\/\/wp-content\/images\/2016\/03\/Bruxelles_fev_2016_atomium_inside-1.jpg 1224w\" sizes=\"(max-width: 338px) 100vw, 338px\" \/><img loading=\"lazy\" decoding=\"async\" class=\"alignnone wp-image-14830\" src=\"http:\/\/sironimo.com\/\/wp-content\/images\/2016\/03\/bruxelles_fev_2016_mini_europe_02-338x450.jpg\" alt=\"bruxelles_fev_2016_mini_europe_02\" width=\"261\" height=\"345\" \/><\/a> <a class=\"lytebox\" href=\"http:\/\/sironimo.com\/\/wp-content\/images\/2016\/03\/bruxelles_fev_2016_mini_europe_01.jpg\"><img loading=\"lazy\" decoding=\"async\" class=\"alignnone wp-image-14812\" src=\"http:\/\/sironimo.com\/\/wp-content\/images\/2016\/03\/bruxelles_fev_2016_mini_europe_01-338x450.jpg\" alt=\"bruxelles_fev_2016_mini_europe_01\" width=\"261\" height=\"345\" \/><\/a><\/p>\n<p style=\"text-align: justify;\">Plein d&rsquo;escaliers et de structures en ferrailles bizarres \u00e0 l&rsquo;int\u00e9rieur mais surtout les escalators qui relient certaines boules de l&rsquo;<strong>Atomium<\/strong> entre elles avec des lumi\u00e8res \u00e0 la <strong>Star Wars<\/strong>, sont quand m\u00eame impressionnants !<\/p>\n<p style=\"text-align: justify;\"><a class=\"lytebox\" href=\"http:\/\/sironimo.com\/\/wp-content\/images\/2016\/03\/Bruxelles_fev_2016_atomium_inside-2.jpg\"><img loading=\"lazy\" decoding=\"async\" class=\"alignnone wp-image-14803\" src=\"http:\/\/sironimo.com\/\/wp-content\/images\/2016\/03\/Bruxelles_fev_2016_atomium_inside-2-338x450.jpg\" alt=\"Bruxelles_fev_2016_atomium_inside (2)\" width=\"259\" height=\"342\" \/><\/a> <a class=\"lytebox\" href=\"http:\/\/sironimo.com\/\/wp-content\/images\/2016\/03\/Bruxelles_fev_2016_atomium_inside-3.jpg\"><img loading=\"lazy\" decoding=\"async\" class=\"alignnone wp-image-14804\" src=\"http:\/\/sironimo.com\/\/wp-content\/images\/2016\/03\/Bruxelles_fev_2016_atomium_inside-3-338x450.jpg\" alt=\"Bruxelles_fev_2016_atomium_inside (3)\" width=\"259\" height=\"342\" \/><\/a><\/p>\n<p style=\"text-align: justify;\"><a class=\"lytebox\" href=\"http:\/\/sironimo.com\/\/wp-content\/images\/2016\/03\/Bruxelles_fev_2016_atomium_inside-4.jpg\"><img loading=\"lazy\" decoding=\"async\" class=\"aligncenter wp-image-14805\" src=\"http:\/\/sironimo.com\/\/wp-content\/images\/2016\/03\/Bruxelles_fev_2016_atomium_inside-4-338x450.jpg\" alt=\"Bruxelles_fev_2016_atomium_inside (4)\" width=\"260\" height=\"343\" \/><\/a><\/p>\n<p style=\"text-align: justify;\"><a class=\"lytebox\" href=\"http:\/\/sironimo.com\/\/wp-content\/images\/2016\/03\/Bruxelles_fev_2016_atomium_inside-7.jpg\"><img loading=\"lazy\" decoding=\"async\" class=\"alignnone wp-image-14808\" src=\"http:\/\/sironimo.com\/\/wp-content\/images\/2016\/03\/Bruxelles_fev_2016_atomium_inside-7-338x450.jpg\" alt=\"Bruxelles_fev_2016_atomium_inside (7)\" width=\"260\" height=\"343\" \/><\/a> <a class=\"lytebox\" href=\"http:\/\/sironimo.com\/\/wp-content\/images\/2016\/03\/Bruxelles_fev_2016_atomium_inside-8.jpg\"><img loading=\"lazy\" decoding=\"async\" class=\"alignnone wp-image-14809\" src=\"http:\/\/sironimo.com\/\/wp-content\/images\/2016\/03\/Bruxelles_fev_2016_atomium_inside-8-338x450.jpg\" alt=\"Bruxelles_fev_2016_atomium_inside (8)\" width=\"260\" height=\"343\" \/><\/a><\/p>\n<p style=\"text-align: justify;\">Dedans il y a aussi par exemple des lits pour des colonies de vacances dans des sph\u00e8res&#8230; C&rsquo;est un peu WTF !<\/p>\n<p style=\"text-align: justify;\"><a class=\"lytebox\" href=\"http:\/\/sironimo.com\/\/wp-content\/images\/2016\/03\/Bruxelles_fev_2016_atomium_inside-5.jpg\"><img loading=\"lazy\" decoding=\"async\" class=\"alignnone wp-image-14806\" src=\"http:\/\/sironimo.com\/\/wp-content\/images\/2016\/03\/Bruxelles_fev_2016_atomium_inside-5-338x450.jpg\" alt=\"Bruxelles_fev_2016_atomium_inside (5)\" width=\"261\" height=\"345\" \/><\/a> <a class=\"lytebox\" href=\"http:\/\/sironimo.com\/\/wp-content\/images\/2016\/03\/Bruxelles_fev_2016_atomium_inside-6.jpg\"><img loading=\"lazy\" decoding=\"async\" class=\"alignnone wp-image-14807\" src=\"http:\/\/sironimo.com\/\/wp-content\/images\/2016\/03\/Bruxelles_fev_2016_atomium_inside-6-338x450.jpg\" alt=\"Bruxelles_fev_2016_atomium_inside (6)\" width=\"261\" height=\"345\" \/><\/a><\/p>\n<p style=\"text-align: justify;\">En gros c&rsquo;est quand m\u00eame mieux de l&rsquo;ext\u00e9rieur ! ;)<\/p>\n<p style=\"text-align: justify;\"><a class=\"lytebox\" href=\"http:\/\/sironimo.com\/\/wp-content\/images\/2016\/03\/Bruxelles_fev_2016_atomium-16.jpg\"><img loading=\"lazy\" decoding=\"async\" class=\"alignnone wp-image-14801 size-full\" src=\"http:\/\/sironimo.com\/\/wp-content\/images\/2016\/03\/Bruxelles_fev_2016_atomium-16.jpg\" alt=\"Bruxelles_fev_2016_atomium (16)\" width=\"960\" height=\"1280\" srcset=\"https:\/\/sironimo.com\/\/wp-content\/images\/2016\/03\/Bruxelles_fev_2016_atomium-16.jpg 960w, https:\/\/sironimo.com\/\/wp-content\/images\/2016\/03\/Bruxelles_fev_2016_atomium-16-195x260.jpg 195w, https:\/\/sironimo.com\/\/wp-content\/images\/2016\/03\/Bruxelles_fev_2016_atomium-16-768x1024.jpg 768w, https:\/\/sironimo.com\/\/wp-content\/images\/2016\/03\/Bruxelles_fev_2016_atomium-16-338x450.jpg 338w, https:\/\/sironimo.com\/\/wp-content\/images\/2016\/03\/Bruxelles_fev_2016_atomium-16-225x300.jpg 225w\" sizes=\"(max-width: 960px) 100vw, 960px\" \/><\/a> <a class=\"lytebox\" href=\"http:\/\/sironimo.com\/\/wp-content\/images\/2016\/03\/Bruxelles_fev_2016_atomium-15.jpg\"><img loading=\"lazy\" decoding=\"async\" class=\"alignnone wp-image-14800 size-full\" src=\"http:\/\/sironimo.com\/\/wp-content\/images\/2016\/03\/Bruxelles_fev_2016_atomium-15.jpg\" alt=\"Bruxelles_fev_2016_atomium (15)\" width=\"960\" height=\"1280\" srcset=\"https:\/\/sironimo.com\/\/wp-content\/images\/2016\/03\/Bruxelles_fev_2016_atomium-15.jpg 960w, https:\/\/sironimo.com\/\/wp-content\/images\/2016\/03\/Bruxelles_fev_2016_atomium-15-195x260.jpg 195w, https:\/\/sironimo.com\/\/wp-content\/images\/2016\/03\/Bruxelles_fev_2016_atomium-15-768x1024.jpg 768w, https:\/\/sironimo.com\/\/wp-content\/images\/2016\/03\/Bruxelles_fev_2016_atomium-15-338x450.jpg 338w, https:\/\/sironimo.com\/\/wp-content\/images\/2016\/03\/Bruxelles_fev_2016_atomium-15-225x300.jpg 225w\" sizes=\"(max-width: 960px) 100vw, 960px\" \/><\/a><\/p>\n<p style=\"text-align: justify;\">Puis retour en ville et, apr\u00e8s une petite sieste (<a href=\"http:\/\/sironimo.com\/index.php\/2016\/03\/17\/de-temps-en-temps-il-faut-savoir-partir\/\" target=\"_blank\">comme j&rsquo;en parlais ici<\/a>) dans notre appart bien m\u00e9rit\u00e9e apr\u00e8s cette longue journ\u00e9e, on est finalement ressorti le soir venu pour manger&#8230; les fameuses moules frites de Belgique\u00a0!<\/p>\n<p style=\"text-align: justify;\"><a class=\"lytebox\" href=\"http:\/\/sironimo.com\/\/wp-content\/images\/2016\/03\/bruxelles_moules_frites_greenwich_2016-5.jpg\"><img loading=\"lazy\" decoding=\"async\" class=\"alignnone wp-image-14817 size-full\" src=\"http:\/\/sironimo.com\/\/wp-content\/images\/2016\/03\/bruxelles_moules_frites_greenwich_2016-5.jpg\" alt=\"bruxelles_moules_frites_greenwich_2016 (5)\" width=\"960\" height=\"1280\" srcset=\"https:\/\/sironimo.com\/\/wp-content\/images\/2016\/03\/bruxelles_moules_frites_greenwich_2016-5.jpg 960w, https:\/\/sironimo.com\/\/wp-content\/images\/2016\/03\/bruxelles_moules_frites_greenwich_2016-5-195x260.jpg 195w, https:\/\/sironimo.com\/\/wp-content\/images\/2016\/03\/bruxelles_moules_frites_greenwich_2016-5-768x1024.jpg 768w, https:\/\/sironimo.com\/\/wp-content\/images\/2016\/03\/bruxelles_moules_frites_greenwich_2016-5-338x450.jpg 338w, https:\/\/sironimo.com\/\/wp-content\/images\/2016\/03\/bruxelles_moules_frites_greenwich_2016-5-225x300.jpg 225w\" sizes=\"(max-width: 960px) 100vw, 960px\" \/><\/a><\/p>\n<p style=\"text-align: justify;\"><a class=\"lytebox\" href=\"http:\/\/sironimo.com\/\/wp-content\/images\/2016\/03\/bruxelles_moules_frites_greenwich_2016-4.jpg\" rel=\"attachment wp-att-14816\">\u00a0<\/a><a class=\"lytebox\" href=\"http:\/\/sironimo.com\/\/wp-content\/images\/2016\/03\/bruxelles_moules_frites_greenwich_2016-4.jpg\"><img loading=\"lazy\" decoding=\"async\" class=\"alignnone wp-image-14816\" src=\"http:\/\/sironimo.com\/\/wp-content\/images\/2016\/03\/bruxelles_moules_frites_greenwich_2016-4-338x450.jpg\" alt=\"bruxelles_moules_frites_greenwich_2016 (4)\" width=\"260\" height=\"343\" \/><\/a><a class=\"lytebox\" href=\"http:\/\/sironimo.com\/\/wp-content\/images\/2016\/03\/bruxelles_moules_frites_greenwich_2016-2.jpg\"><img loading=\"lazy\" decoding=\"async\" class=\"alignnone wp-image-14814\" src=\"http:\/\/sironimo.com\/\/wp-content\/images\/2016\/03\/bruxelles_moules_frites_greenwich_2016-2-338x450.jpg\" alt=\"bruxelles_moules_frites_greenwich_2016 (2)\" width=\"260\" height=\"343\" \/><\/a><\/p>\n<p style=\"text-align: justify;\"><a class=\"lytebox\" href=\"http:\/\/sironimo.com\/\/wp-content\/images\/2016\/03\/bruxelles_moules_frites_greenwich_2016-3.jpg\"><img loading=\"lazy\" decoding=\"async\" class=\"aligncenter wp-image-14815 size-full\" src=\"http:\/\/sironimo.com\/\/wp-content\/images\/2016\/03\/bruxelles_moules_frites_greenwich_2016-3.jpg\" alt=\"bruxelles_moules_frites_greenwich_2016 (3)\" width=\"915\" height=\"1155\" srcset=\"https:\/\/sironimo.com\/\/wp-content\/images\/2016\/03\/bruxelles_moules_frites_greenwich_2016-3.jpg 915w, https:\/\/sironimo.com\/\/wp-content\/images\/2016\/03\/bruxelles_moules_frites_greenwich_2016-3-206x260.jpg 206w, https:\/\/sironimo.com\/\/wp-content\/images\/2016\/03\/bruxelles_moules_frites_greenwich_2016-3-768x969.jpg 768w, https:\/\/sironimo.com\/\/wp-content\/images\/2016\/03\/bruxelles_moules_frites_greenwich_2016-3-356x450.jpg 356w, https:\/\/sironimo.com\/\/wp-content\/images\/2016\/03\/bruxelles_moules_frites_greenwich_2016-3-238x300.jpg 238w\" sizes=\"(max-width: 915px) 100vw, 915px\" \/><\/a>Avec plein de c\u00e9leri, le tout arros\u00e9 d&rsquo;une bonne bi\u00e8re. Chacun sa casserole. C&rsquo;est certes un peu cher (23 euros la casserole d&rsquo;un kilo de moules + frittes), mais \u00e7a vaut sacr\u00e9ment le coup ! \u00a0C&rsquo;\u00e9tait miam !<\/p>\n<p style=\"text-align: justify;\">\u00a0<a class=\"lytebox\" href=\"http:\/\/sironimo.com\/\/wp-content\/images\/2016\/03\/bruxelles_moules_frites_greenwich_2016-1.jpg\"><img loading=\"lazy\" decoding=\"async\" class=\"alignnone wp-image-14813 size-full\" src=\"http:\/\/sironimo.com\/\/wp-content\/images\/2016\/03\/bruxelles_moules_frites_greenwich_2016-1.jpg\" alt=\"bruxelles_moules_frites_greenwich_2016 (1)\" width=\"960\" height=\"1280\" srcset=\"https:\/\/sironimo.com\/\/wp-content\/images\/2016\/03\/bruxelles_moules_frites_greenwich_2016-1.jpg 960w, https:\/\/sironimo.com\/\/wp-content\/images\/2016\/03\/bruxelles_moules_frites_greenwich_2016-1-195x260.jpg 195w, https:\/\/sironimo.com\/\/wp-content\/images\/2016\/03\/bruxelles_moules_frites_greenwich_2016-1-768x1024.jpg 768w, https:\/\/sironimo.com\/\/wp-content\/images\/2016\/03\/bruxelles_moules_frites_greenwich_2016-1-338x450.jpg 338w, https:\/\/sironimo.com\/\/wp-content\/images\/2016\/03\/bruxelles_moules_frites_greenwich_2016-1-225x300.jpg 225w\" sizes=\"(max-width: 960px) 100vw, 960px\" \/><\/a><\/p>\n<p style=\"text-align: justify;\"><a class=\"lytebox\" href=\"http:\/\/sironimo.com\/\/wp-content\/images\/2016\/03\/bruxelles_moules_frites_greenwich_2016-6.jpg\"><img loading=\"lazy\" decoding=\"async\" class=\"alignnone wp-image-14831 size-full\" src=\"http:\/\/sironimo.com\/\/wp-content\/images\/2016\/03\/bruxelles_moules_frites_greenwich_2016-6.jpg\" alt=\"bruxelles_moules_frites_greenwich_2016 (6)\" width=\"960\" height=\"1280\" srcset=\"https:\/\/sironimo.com\/\/wp-content\/images\/2016\/03\/bruxelles_moules_frites_greenwich_2016-6.jpg 960w, https:\/\/sironimo.com\/\/wp-content\/images\/2016\/03\/bruxelles_moules_frites_greenwich_2016-6-195x260.jpg 195w, https:\/\/sironimo.com\/\/wp-content\/images\/2016\/03\/bruxelles_moules_frites_greenwich_2016-6-768x1024.jpg 768w, https:\/\/sironimo.com\/\/wp-content\/images\/2016\/03\/bruxelles_moules_frites_greenwich_2016-6-338x450.jpg 338w, https:\/\/sironimo.com\/\/wp-content\/images\/2016\/03\/bruxelles_moules_frites_greenwich_2016-6-225x300.jpg 225w\" sizes=\"(max-width: 960px) 100vw, 960px\" \/><\/a><br \/>\nOn \u00e9tait au <strong>Greenwich<\/strong>, encore un lieu qui vaut vraiment le d\u00e9placement. Tout en boiseries anciennes et l\u2019espace est grand et rustique.<br \/>\n(On devait aller \u00e0 la<strong> Fin de si\u00e8cle<\/strong>,\u00a0juste \u00e0 cot\u00e9, mais en plein WE c&rsquo;\u00e9tait bond\u00e9 et l&rsquo;attente semblait bien longue&#8230;mais il a bonne r\u00e9putation c&rsquo;est dommage !&#8230;une prochaine fois ^^) !<\/p>\n<p style=\"text-align: justify;\">Par contre, amis Fran\u00e7ais, notez bien qu&rsquo;il est souvent impossible de demander une carafe d&rsquo;eau dans les restau en Belgique, l&rsquo;eau (la SPA) est payante et ils est souvent plus rentable de boire des bi\u00e8res&#8230;Est-ce une astuce pour nous faire consommer ? Peut-\u00eatre bien :p<br \/>\nDu coup, astuce, prenez par exemple une bouteille d&rsquo;eau dans votre sac \u00e0 dos pour boire apr\u00e8s \u00eatre sorti des restos et autres estaminets.<\/p>\n<p style=\"text-align: justify;\">Voila la fin de cette premi\u00e8re journ\u00e9e de visite de <strong>Brussels<\/strong> !<\/p>\n<p style=\"text-align: justify;\">A suivre ;)<\/p>\n","protected":false},"excerpt":{"rendered":"<p>J&rsquo;avais pr\u00e9vu ces articles sur Bruxelles bien avant les tristes \u00e9v\u00e9nements du 22 mars, et je pense justement rendre hommage \u00e0 cette ville en parlant de tout ce qu&rsquo;il y a de bien \u00e0 y faire\/voir ! Toutes mes pens\u00e9es &hellip; <a href=\"https:\/\/sironimo.com\/index.php\/2016\/03\/25\/voyage-bruxelles-premier-jour-26-fevrier-2016\/\">Continuer la lecture <span class=\"meta-nav\">&rarr;<\/span><\/a><\/p>\n","protected":false},"author":1,"featured_media":14790,"comment_status":"open","ping_status":"closed","sticky":false,"template":"","format":"standard","meta":{"_exactmetrics_skip_tracking":false,"_exactmetrics_sitenote_active":false,"_exactmetrics_sitenote_note":"","_exactmetrics_sitenote_category":0,"footnotes":""},"categories":[3,79],"tags":[33,23,21],"_links":{"self":[{"href":"https:\/\/sironimo.com\/index.php\/wp-json\/wp\/v2\/posts\/14729"}],"collection":[{"href":"https:\/\/sironimo.com\/index.php\/wp-json\/wp\/v2\/posts"}],"about":[{"href":"https:\/\/sironimo.com\/index.php\/wp-json\/wp\/v2\/types\/post"}],"author":[{"embeddable":true,"href":"https:\/\/sironimo.com\/index.php\/wp-json\/wp\/v2\/users\/1"}],"replies":[{"embeddable":true,"href":"https:\/\/sironimo.com\/index.php\/wp-json\/wp\/v2\/comments?post=14729"}],"version-history":[{"count":31,"href":"https:\/\/sironimo.com\/index.php\/wp-json\/wp\/v2\/posts\/14729\/revisions"}],"predecessor-version":[{"id":14857,"href":"https:\/\/sironimo.com\/index.php\/wp-json\/wp\/v2\/posts\/14729\/revisions\/14857"}],"wp:featuredmedia":[{"embeddable":true,"href":"https:\/\/sironimo.com\/index.php\/wp-json\/wp\/v2\/media\/14790"}],"wp:attachment":[{"href":"https:\/\/sironimo.com\/index.php\/wp-json\/wp\/v2\/media?parent=14729"}],"wp:term":[{"taxonomy":"category","embeddable":true,"href":"https:\/\/sironimo.com\/index.php\/wp-json\/wp\/v2\/categories?post=14729"},{"taxonomy":"post_tag","embeddable":true,"href":"https:\/\/sironimo.com\/index.php\/wp-json\/wp\/v2\/tags?post=14729"}],"curies":[{"name":"wp","href":"https:\/\/api.w.org\/{rel}","templated":true}]}}