{"id":6666,"date":"2010-10-18T19:05:02","date_gmt":"2010-10-18T17:05:02","guid":{"rendered":"http:\/\/sironimo.com\/\/?p=6666"},"modified":"2017-08-08T16:56:48","modified_gmt":"2017-08-08T14:56:48","slug":"ce-que-jaime","status":"publish","type":"post","link":"https:\/\/sironimo.com\/index.php\/2010\/10\/18\/ce-que-jaime\/","title":{"rendered":"Ce que j&rsquo;aime&#8230;"},"content":{"rendered":"<p>Dans les choses que j&rsquo;aime il y-a les plantes, et en ville elles me manquent particuli\u00e8rement. Voila donc mes derniers petits coups de c\u0153ur (qui datent du mois d&rsquo;aout quand m\u00eame d\u00e9j\u00e0, lorsqu&rsquo;on \u00e0 fait <a title=\"Blog de Siro - Bords de Seine\" href=\"\/index.php\/2010\/09\/20\/promenade-sur-le-bord-de-la-seine\/\" target=\"_blank\">cette promenade en bord de Seine<\/a>).<br \/>\nDe la<strong> <em>Bruy\u00e8re Callune<\/em><\/strong> (parce que j&rsquo;aime beaucoup cette fleur de rocaille et que \u00e7a me rapp\u00e8le les flancs de montagne des C\u00e9vennes o\u00f9 j&rsquo;ai pass\u00e9 ma petite enfance)<\/p>\n<p style=\"text-align: center;\"><a class=\"lytebox\" href=\"\/wp-content\/images\/2010\/10\/plante_bruyere.jpg\" target=\"_blank\"><img loading=\"lazy\" decoding=\"async\" class=\"aligncenter size-thumbnail wp-image-6674\" title=\"plante_bruyere\" src=\"\/wp-content\/images\/2010\/10\/plante_bruyere-150x150.jpg\" alt=\"plante_bruyere\" width=\"150\" height=\"150\" \/><\/a><\/p>\n<p>Des petites touches violettes dans la maison en automne c&rsquo;est chouette!<\/p>\n<p><!--more-->Puis un tr\u00e8s joli <em><strong>Areca<\/strong><\/em> (j&rsquo;apprends le nom de certaines plantes&#8230; Moi j&rsquo;appelais \u00e7a \u00ab\u00a0<em>une foug\u00e8re bambou\u00a0\u00bb<\/em>, huhu!).<\/p>\n<p style=\"text-align: center;\"><a class=\"lytebox\" href=\"\/wp-content\/images\/2010\/10\/plante02.jpg\" target=\"_blank\"><img loading=\"lazy\" decoding=\"async\" class=\"aligncenter size-thumbnail wp-image-6673\" title=\"plante02\" src=\"\/wp-content\/images\/2010\/10\/plante02-150x150.jpg\" alt=\"plante02\" width=\"150\" height=\"150\" \/><\/a><\/p>\n<p>J&rsquo;aime bien ce genre de plantes \u00e0 longues tiges et je voulais \u00e7a pour mettre sous mon bar!<br \/>\nDepuis peu, il a un compagnon&#8230; Un moustique g\u00e9ant fait en bois de la for\u00eat vierge, ramen\u00e9 par des amis qui sont aller en Guyane, la classe!<\/p>\n<p style=\"text-align: center;\"><a class=\"lytebox\" href=\"\/wp-content\/images\/2010\/10\/moustique_bois.jpg\" target=\"_blank\"><img loading=\"lazy\" decoding=\"async\" class=\"aligncenter size-thumbnail wp-image-6671\" title=\"moustique_bois\" src=\"\/wp-content\/images\/2010\/10\/moustique_bois-150x150.jpg\" alt=\"moustique_bois\" width=\"150\" height=\"150\" \/><\/a><\/p>\n<p>Tadaaa! Il surgit d&rsquo;un buisson&#8230;(^__^)<\/p>\n<p>Comme j&rsquo;ai mis du temps \u00e0 trouver mon <em><strong>Areca<\/strong><\/em>, avant lui j&rsquo;ai achet\u00e9 cette arbuste, un <em><strong>Dracaena Fragrans<\/strong><\/em> ou <em><strong>Dragonnier<\/strong><\/em> (que moi j&rsquo;appelais simplement <em>\u00ab\u00a0un genre de palmier\u00a0\u00bb<\/em> ^^;).<\/p>\n<p style=\"text-align: center;\"><a class=\"lytebox\" href=\"\/wp-content\/images\/2010\/10\/plante01.jpg\" target=\"_blank\"><img loading=\"lazy\" decoding=\"async\" class=\"aligncenter size-thumbnail wp-image-6672\" title=\"plante01\" src=\"\/wp-content\/images\/2010\/10\/plante01-150x150.jpg\" alt=\"plante01\" width=\"150\" height=\"150\" \/><\/a><\/p>\n<p>Ce qui est rigolo avec cette plante, c&rsquo;est qu&rsquo;elle a un tronc et que les feuilles ne poussent pas du haut du tronc mais partent sur le cot\u00e9, je trouve \u00e7a sympa. En plus c&rsquo;est une plante d\u00e9polluante!<br \/>\nPar contre, les grandes feuilles \u00e7a prend la poussi\u00e8re ^^;; je vais la nettoyer de ce pas!<\/p>\n<p>Je commence \u00e0 avoir pas mal de plante sous une fen\u00eatre, comme je le voulais en fait, alors je suis contente!<\/p>\n<p style=\"text-align: center;\"><a class=\"lytebox\" href=\"\/wp-content\/images\/2010\/10\/plantes.jpg\" target=\"_blank\"><img loading=\"lazy\" decoding=\"async\" class=\"aligncenter size-thumbnail wp-image-6675\" title=\"plantes\" src=\"\/wp-content\/images\/2010\/10\/plantes-150x150.jpg\" alt=\"plantes\" width=\"150\" height=\"150\" \/><\/a><\/p>\n<p>Et en plus, en peu de temps elles ont d\u00e9j\u00e0 pris pas mal de volume !<\/p>\n<p style=\"text-align: center;\"><img loading=\"lazy\" decoding=\"async\" class=\"aligncenter size-full wp-image-5564\" title=\"plante\" src=\"\/wp-content\/images\/2010\/06\/plante.gif\" alt=\"plante\" width=\"16\" height=\"16\" \/> <img loading=\"lazy\" decoding=\"async\" title=\"plante\" src=\"\/wp-content\/images\/2010\/06\/plante.gif\" alt=\"plante\" width=\"16\" height=\"16\" \/> <img loading=\"lazy\" decoding=\"async\" title=\"plante\" src=\"\/wp-content\/images\/2010\/06\/plante.gif\" alt=\"plante\" width=\"16\" height=\"16\" \/><\/p>\n<p>Mais comme il n&rsquo;y a pas que les plantes dans le vie, voila mes autres acquisitions. Un lecteur de disque dur pour le disque qui \u00e9tait dans <strong>Tiramisu<\/strong> (mon regrett\u00e9 <em>netbook<\/em>). Comme \u00e7a j&rsquo;ai un disque externe de stockage et j&rsquo;ai m\u00eame pu r\u00e9cup\u00e9rer toutes mes donn\u00e9es, ouf!<\/p>\n<p style=\"text-align: center;\"><a class=\"lytebox\" href=\"\/wp-content\/images\/2010\/10\/lecteur_disc.jpg\" target=\"_blank\"><img loading=\"lazy\" decoding=\"async\" class=\"aligncenter size-thumbnail wp-image-6670\" title=\"lecteur_disc\" src=\"\/wp-content\/images\/2010\/10\/lecteur_disc-150x150.jpg\" alt=\"lecteur_disc\" width=\"150\" height=\"150\" \/><\/a><\/p>\n<p>Je l&rsquo;ai pay\u00e9 moins de 10 euros et je l&rsquo;ai pris rouge car je trouve que c&rsquo;est classe :).<br \/>\nEn plus, le site sur lequel je l&rsquo;ai command\u00e9 m&rsquo;a envoy\u00e9 un cadeau!!! Des petites pinces herm\u00e9tiques pour refermer les emballages plastiques de nourriture (pain de mie etc&#8230;). J&rsquo;ai mis un moment \u00e0 comprendre ce que c&rsquo;\u00e9tait (vu que \u00e7a n&rsquo;a rien a voir avec l&rsquo;informatique ^^) mais je suis bien contente&#8230; En plus, on peu noter la date d&rsquo;ouverture du produit dessus gr\u00e2ce \u00e0 des petits rep\u00e8res qu&rsquo;on place sur les bon chiffres (mois et jours). Sympa :)!<\/p>\n<p>Pour finir, une superbe figurine articul\u00e9e de <strong>Professeur Layton <\/strong>\u2665!!<\/p>\n<p style=\"text-align: center;\"><a class=\"lytebox\" href=\"\/wp-content\/images\/2010\/10\/layton_figurine01.jpg\" target=\"_blank\"><img loading=\"lazy\" decoding=\"async\" class=\"aligncenter size-thumbnail wp-image-6668\" title=\"layton_figurine01\" src=\"\/wp-content\/images\/2010\/10\/layton_figurine01-150x150.jpg\" alt=\"layton_figurine01\" width=\"150\" height=\"150\" \/><\/a> <a class=\"lytebox\" href=\"\/wp-content\/images\/2010\/10\/layton_figurine02.jpg\" target=\"_blank\"><img loading=\"lazy\" decoding=\"async\" class=\"aligncenter size-thumbnail wp-image-6669\" title=\"layton_figurine02\" src=\"\/wp-content\/images\/2010\/10\/layton_figurine02-150x150.jpg\" alt=\"layton_figurine02\" width=\"150\" height=\"150\" srcset=\"https:\/\/sironimo.com\/\/wp-content\/images\/2010\/10\/layton_figurine02-150x150.jpg 150w, https:\/\/sironimo.com\/\/wp-content\/images\/2010\/10\/layton_figurine02-300x300.jpg 300w, https:\/\/sironimo.com\/\/wp-content\/images\/2010\/10\/layton_figurine02.jpg 768w\" sizes=\"(max-width: 150px) 100vw, 150px\" \/><\/a><\/p>\n<p>Il peut \u00eatre assis \u00e0 une terrasse de caf\u00e9 en train de r\u00e9fl\u00e9chir devant une tasse de th\u00e9 ou alors se lever, pointer son doigt vers l&rsquo;assassin et d\u00e9clarer<em> \u00ab\u00a0Car en fait, c&rsquo;est VOUS le coupable!\u00a0\u00bb<\/em>.<br \/>\nIl a aussi deux t\u00eates diff\u00e9rentes interchangeables (^__^)\/.<br \/>\nBon, en vrai il n&rsquo;est pas \u00e0 moi, mais \u00e0<strong> R\u00e9my<\/strong>, mais ce n&rsquo;est qu&rsquo;un d\u00e9tail, c&rsquo;est si rare les <em>goodies<\/em> de cet excellent jeu&#8230;<\/p>\n","protected":false},"excerpt":{"rendered":"<p>Dans les choses que j&rsquo;aime il y-a les plantes, et en ville elles me manquent particuli\u00e8rement. Voila donc mes derniers petits coups de c\u0153ur (qui datent du mois d&rsquo;aout quand m\u00eame d\u00e9j\u00e0, lorsqu&rsquo;on \u00e0 fait cette promenade en bord de &hellip; <a href=\"https:\/\/sironimo.com\/index.php\/2010\/10\/18\/ce-que-jaime\/\">Continuer la lecture <span class=\"meta-nav\">&rarr;<\/span><\/a><\/p>\n","protected":false},"author":1,"featured_media":0,"comment_status":"open","ping_status":"open","sticky":false,"template":"","format":"standard","meta":{"_exactmetrics_skip_tracking":false,"_exactmetrics_sitenote_active":false,"_exactmetrics_sitenote_note":"","_exactmetrics_sitenote_category":0,"footnotes":""},"categories":[8,5,9],"tags":[64,66,35,21],"_links":{"self":[{"href":"https:\/\/sironimo.com\/index.php\/wp-json\/wp\/v2\/posts\/6666"}],"collection":[{"href":"https:\/\/sironimo.com\/index.php\/wp-json\/wp\/v2\/posts"}],"about":[{"href":"https:\/\/sironimo.com\/index.php\/wp-json\/wp\/v2\/types\/post"}],"author":[{"embeddable":true,"href":"https:\/\/sironimo.com\/index.php\/wp-json\/wp\/v2\/users\/1"}],"replies":[{"embeddable":true,"href":"https:\/\/sironimo.com\/index.php\/wp-json\/wp\/v2\/comments?post=6666"}],"version-history":[{"count":16,"href":"https:\/\/sironimo.com\/index.php\/wp-json\/wp\/v2\/posts\/6666\/revisions"}],"predecessor-version":[{"id":6763,"href":"https:\/\/sironimo.com\/index.php\/wp-json\/wp\/v2\/posts\/6666\/revisions\/6763"}],"wp:attachment":[{"href":"https:\/\/sironimo.com\/index.php\/wp-json\/wp\/v2\/media?parent=6666"}],"wp:term":[{"taxonomy":"category","embeddable":true,"href":"https:\/\/sironimo.com\/index.php\/wp-json\/wp\/v2\/categories?post=6666"},{"taxonomy":"post_tag","embeddable":true,"href":"https:\/\/sironimo.com\/index.php\/wp-json\/wp\/v2\/tags?post=6666"}],"curies":[{"name":"wp","href":"https:\/\/api.w.org\/{rel}","templated":true}]}}