{"id":8576,"date":"2011-02-21T15:29:43","date_gmt":"2011-02-21T14:29:43","guid":{"rendered":"http:\/\/sironimo.com\/\/?p=8576"},"modified":"2011-02-21T15:29:43","modified_gmt":"2011-02-21T14:29:43","slug":"promenade-touristique","status":"publish","type":"post","link":"https:\/\/sironimo.com\/index.php\/2011\/02\/21\/promenade-touristique\/","title":{"rendered":"Promenade touristique"},"content":{"rendered":"<p>Le 7 f\u00e9vrier dernier il faisait beau.<br \/>\nUn temps superbe pour Paris, comme on en a presque plus eu depuis. Avec ma maman on en a profit\u00e9 car elle ne vient pas souvent \u00e0 la capitale. Alors on est all\u00e9 se promener sur les bords de Seine, pr\u00e8s de l&rsquo;\u00eele Saint Louis puis jusqu&rsquo;\u00e0 Notre Dame et Saint Michel.<\/p>\n<p style=\"text-align: center;\"><a class=\"lytebox\" href=\"\/wp-content\/images\/2011\/02\/ste-genevieve-sur-pont-de-la-tournelle01.jpg\" target=\"_blank\"><img loading=\"lazy\" decoding=\"async\" class=\"aligncenter size-medium wp-image-8577\" title=\"ste-genevieve-sur-pont-de-la-tournelle01\" src=\"\/wp-content\/images\/2011\/02\/ste-genevieve-sur-pont-de-la-tournelle01-225x300.jpg\" alt=\"ste-genevieve-sur-pont-de-la-tournelle01\" width=\"225\" height=\"300\" srcset=\"https:\/\/sironimo.com\/\/wp-content\/images\/2011\/02\/ste-genevieve-sur-pont-de-la-tournelle01-225x300.jpg 225w, https:\/\/sironimo.com\/\/wp-content\/images\/2011\/02\/ste-genevieve-sur-pont-de-la-tournelle01-768x1024.jpg 768w, https:\/\/sironimo.com\/\/wp-content\/images\/2011\/02\/ste-genevieve-sur-pont-de-la-tournelle01.jpg 778w\" sizes=\"(max-width: 225px) 100vw, 225px\" \/><\/a> <a class=\"lytebox\" href=\"\/wp-content\/images\/2011\/02\/ste-genevieve-sur-pont-de-la-tournelle02.jpg\" target=\"_blank\"><img loading=\"lazy\" decoding=\"async\" class=\"aligncenter size-medium wp-image-8578\" title=\"ste-genevieve-sur-pont-de-la-tournelle02\" src=\"\/wp-content\/images\/2011\/02\/ste-genevieve-sur-pont-de-la-tournelle02-225x300.jpg\" alt=\"ste-genevieve-sur-pont-de-la-tournelle02\" width=\"225\" height=\"300\" srcset=\"https:\/\/sironimo.com\/\/wp-content\/images\/2011\/02\/ste-genevieve-sur-pont-de-la-tournelle02-225x300.jpg 225w, https:\/\/sironimo.com\/\/wp-content\/images\/2011\/02\/ste-genevieve-sur-pont-de-la-tournelle02-768x1024.jpg 768w, https:\/\/sironimo.com\/\/wp-content\/images\/2011\/02\/ste-genevieve-sur-pont-de-la-tournelle02.jpg 922w\" sizes=\"(max-width: 225px) 100vw, 225px\" \/><\/a><\/p>\n<p>La statue de <strong>Sainte Genevi\u00e8ve<\/strong> sur le pont de la<strong> Tournelle <\/strong>et le ciel bleu coup\u00e9 d&rsquo;une train\u00e9e des r\u00e9acteurs d&rsquo;avion.<\/p>\n<p><!--more--> En face, la c\u00e9l\u00e8bre Tour D&rsquo;argent dont la fa\u00e7ade est d\u00e9cevante au possible.<\/p>\n<p style=\"text-align: center;\"><a class=\"lytebox\" href=\"\/wp-content\/images\/2011\/02\/tour_dargent.jpg\" target=\"_blank\"><img loading=\"lazy\" decoding=\"async\" class=\"aligncenter size-medium wp-image-8581\" title=\"tour_dargent\" src=\"\/wp-content\/images\/2011\/02\/tour_dargent-300x225.jpg\" alt=\"tour_dargent\" width=\"300\" height=\"225\" srcset=\"https:\/\/sironimo.com\/\/wp-content\/images\/2011\/02\/tour_dargent-300x225.jpg 300w, https:\/\/sironimo.com\/\/wp-content\/images\/2011\/02\/tour_dargent-1024x768.jpg 1024w, https:\/\/sironimo.com\/\/wp-content\/images\/2011\/02\/tour_dargent.jpg 1037w\" sizes=\"(max-width: 300px) 100vw, 300px\" \/><\/a><\/p>\n<p>On a ensuite long\u00e9 les quais.<\/p>\n<p style=\"text-align: center;\"><a class=\"lytebox\" href=\"\/wp-content\/images\/2011\/02\/pont_seine.jpg\" target=\"_blank\"><img loading=\"lazy\" decoding=\"async\" class=\"aligncenter size-thumbnail wp-image-8580\" title=\"pont_seine\" src=\"\/wp-content\/images\/2011\/02\/pont_seine-150x150.jpg\" alt=\"pont_seine\" width=\"150\" height=\"150\" \/><\/a> <a class=\"lytebox\" href=\"\/wp-content\/images\/2011\/02\/peniches_seine.jpg\" target=\"_blank\"><img loading=\"lazy\" decoding=\"async\" class=\"aligncenter size-thumbnail wp-image-8579\" title=\"peniches_seine\" src=\"\/wp-content\/images\/2011\/02\/peniches_seine-150x150.jpg\" alt=\"peniches_seine\" width=\"150\" height=\"150\" \/><\/a> <a class=\"lytebox\" href=\"\/wp-content\/images\/2011\/02\/notre_dame04.jpg\"><img loading=\"lazy\" decoding=\"async\" class=\"aligncenter size-thumbnail wp-image-8582\" title=\"notre_dame04\" src=\"\/wp-content\/images\/2011\/02\/notre_dame04-150x150.jpg\" alt=\"notre_dame04\" width=\"150\" height=\"150\" \/><\/a><\/p>\n<p>La seine et ses nombreux bateaux, p\u00e9niches et autres&#8230;<br \/>\nEt enfin on arrive aux abords de la cath\u00e9drale Notre-Dame de Paris qui a des aires de bateau gigantesque, plant\u00e9e au milieu du cours d&rsquo;eau.<\/p>\n<p style=\"text-align: center;\"><a class=\"lytebox\" href=\"\/wp-content\/images\/2011\/02\/notre_dame02.jpg\" target=\"_blank\"><img loading=\"lazy\" decoding=\"async\" class=\"aligncenter size-medium wp-image-8584\" title=\"notre_dame02\" src=\"\/wp-content\/images\/2011\/02\/notre_dame02-300x225.jpg\" alt=\"notre_dame02\" width=\"300\" height=\"225\" srcset=\"https:\/\/sironimo.com\/\/wp-content\/images\/2011\/02\/notre_dame02-300x225.jpg 300w, https:\/\/sironimo.com\/\/wp-content\/images\/2011\/02\/notre_dame02-1024x768.jpg 1024w, https:\/\/sironimo.com\/\/wp-content\/images\/2011\/02\/notre_dame02.jpg 1037w\" sizes=\"(max-width: 300px) 100vw, 300px\" \/><\/a><\/p>\n<p style=\"text-align: center;\"><a class=\"lytebox\" href=\"\/wp-content\/images\/2011\/02\/notre_dame01.jpg\" target=\"_blank\"><img loading=\"lazy\" decoding=\"async\" class=\"aligncenter size-thumbnail wp-image-8583\" title=\"notre_dame01\" src=\"\/wp-content\/images\/2011\/02\/notre_dame01-150x150.jpg\" alt=\"notre_dame01\" width=\"150\" height=\"150\" \/><\/a> <a class=\"lytebox\" href=\"\/wp-content\/images\/2011\/02\/notre_dame03.jpg\" target=\"_blank\"><img loading=\"lazy\" decoding=\"async\" class=\"aligncenter size-thumbnail wp-image-8585\" title=\"notre_dame03\" src=\"\/wp-content\/images\/2011\/02\/notre_dame03-150x150.jpg\" alt=\"notre_dame03\" width=\"150\" height=\"150\" \/><\/a><\/p>\n<p style=\"text-align: center;\"><a class=\"lytebox\" href=\"\/wp-content\/images\/2011\/02\/notre_dame05.jpg\" target=\"_blank\"><img loading=\"lazy\" decoding=\"async\" class=\"aligncenter size-thumbnail wp-image-8586\" title=\"notre_dame05\" src=\"\/wp-content\/images\/2011\/02\/notre_dame05-150x150.jpg\" alt=\"notre_dame05\" width=\"150\" height=\"150\" \/><\/a> <a class=\"lytebox\" href=\"\/wp-content\/images\/2011\/02\/notre_dame06.jpg\" target=\"_blank\"><img loading=\"lazy\" decoding=\"async\" class=\"aligncenter size-thumbnail wp-image-8587\" title=\"notre_dame06\" src=\"\/wp-content\/images\/2011\/02\/notre_dame06-150x150.jpg\" alt=\"notre_dame06\" width=\"150\" height=\"150\" \/><\/a><\/p>\n<p>On est m\u00eame all\u00e9es visiter l&rsquo;int\u00e9rieur en bonne touriste que nous sommes! <a title=\"Blog de Siro - Notre dame recital\" href=\"\/index.php\/2010\/06\/26\/la-vie-parisienne-le-debut\/\" target=\"_blank\">J&rsquo;y \u00e9tais d\u00e9j\u00e0 all\u00e9e<\/a>, mais directement dans le ch\u0153ur de la cath\u00e9drale pour assister au r\u00e9cital d&rsquo;un amie.<\/p>\n<p>Moi ce que j&rsquo;aime, ce sont les vitraux color\u00e9s.<\/p>\n<p style=\"text-align: center;\"><a class=\"lytebox\" href=\"\/wp-content\/images\/2011\/02\/vitraux_notre_dame02.jpg\" target=\"_blank\"><img loading=\"lazy\" decoding=\"async\" class=\"aligncenter size-medium wp-image-8593\" title=\"vitraux_notre_dame02\" src=\"\/wp-content\/images\/2011\/02\/vitraux_notre_dame02-300x225.jpg\" alt=\"vitraux_notre_dame02\" width=\"300\" height=\"225\" srcset=\"https:\/\/sironimo.com\/\/wp-content\/images\/2011\/02\/vitraux_notre_dame02-300x225.jpg 300w, https:\/\/sironimo.com\/\/wp-content\/images\/2011\/02\/vitraux_notre_dame02-1024x768.jpg 1024w, https:\/\/sironimo.com\/\/wp-content\/images\/2011\/02\/vitraux_notre_dame02.jpg 1037w\" sizes=\"(max-width: 300px) 100vw, 300px\" \/><\/a><\/p>\n<p style=\"text-align: center;\"><a class=\"lytebox\" href=\"\/wp-content\/images\/2011\/02\/vitraux_notre_dame01.jpg\" target=\"_blank\"><img loading=\"lazy\" decoding=\"async\" class=\"aligncenter size-medium wp-image-8592\" title=\"vitraux_notre_dame01\" src=\"\/wp-content\/images\/2011\/02\/vitraux_notre_dame01-225x300.jpg\" alt=\"vitraux_notre_dame01\" width=\"225\" height=\"300\" srcset=\"https:\/\/sironimo.com\/\/wp-content\/images\/2011\/02\/vitraux_notre_dame01-225x300.jpg 225w, https:\/\/sironimo.com\/\/wp-content\/images\/2011\/02\/vitraux_notre_dame01-768x1024.jpg 768w, https:\/\/sironimo.com\/\/wp-content\/images\/2011\/02\/vitraux_notre_dame01.jpg 778w\" sizes=\"(max-width: 225px) 100vw, 225px\" \/><\/a> <a class=\"lytebox\" href=\"\/wp-content\/images\/2011\/02\/vitraux_notre_dame03.jpg\" target=\"_blank\"><img loading=\"lazy\" decoding=\"async\" class=\"aligncenter size-medium wp-image-8594\" title=\"vitraux_notre_dame03\" src=\"\/wp-content\/images\/2011\/02\/vitraux_notre_dame03-225x300.jpg\" alt=\"vitraux_notre_dame03\" width=\"225\" height=\"300\" srcset=\"https:\/\/sironimo.com\/\/wp-content\/images\/2011\/02\/vitraux_notre_dame03-225x300.jpg 225w, https:\/\/sironimo.com\/\/wp-content\/images\/2011\/02\/vitraux_notre_dame03-768x1024.jpg 768w, https:\/\/sironimo.com\/\/wp-content\/images\/2011\/02\/vitraux_notre_dame03.jpg 778w\" sizes=\"(max-width: 225px) 100vw, 225px\" \/><\/a><\/p>\n<p style=\"text-align: center;\"><a class=\"lytebox\" href=\"\/wp-content\/images\/2011\/02\/vitraux_notre_dame04.jpg\" target=\"_blank\"><img loading=\"lazy\" decoding=\"async\" class=\"aligncenter size-medium wp-image-8595\" title=\"vitraux_notre_dame04\" src=\"\/wp-content\/images\/2011\/02\/vitraux_notre_dame04-225x300.jpg\" alt=\"vitraux_notre_dame04\" width=\"225\" height=\"300\" srcset=\"https:\/\/sironimo.com\/\/wp-content\/images\/2011\/02\/vitraux_notre_dame04-225x300.jpg 225w, https:\/\/sironimo.com\/\/wp-content\/images\/2011\/02\/vitraux_notre_dame04-768x1024.jpg 768w, https:\/\/sironimo.com\/\/wp-content\/images\/2011\/02\/vitraux_notre_dame04.jpg 778w\" sizes=\"(max-width: 225px) 100vw, 225px\" \/><\/a> <a class=\"lytebox\" href=\"\/wp-content\/images\/2011\/02\/vitraux_notre_dame05.jpg\" target=\"_blank\"><img loading=\"lazy\" decoding=\"async\" class=\"aligncenter size-medium wp-image-8596\" title=\"vitraux_notre_dame05\" src=\"\/wp-content\/images\/2011\/02\/vitraux_notre_dame05-225x300.jpg\" alt=\"vitraux_notre_dame05\" width=\"225\" height=\"300\" srcset=\"https:\/\/sironimo.com\/\/wp-content\/images\/2011\/02\/vitraux_notre_dame05-225x300.jpg 225w, https:\/\/sironimo.com\/\/wp-content\/images\/2011\/02\/vitraux_notre_dame05-768x1024.jpg 768w, https:\/\/sironimo.com\/\/wp-content\/images\/2011\/02\/vitraux_notre_dame05.jpg 778w\" sizes=\"(max-width: 225px) 100vw, 225px\" \/><\/a><\/p>\n<p>On a fini notre promenade en faisant un petit tour dans le quartier Latin et ses environs. On a par exemple vu cette vielle boutique de parapluies et d&rsquo;ombrelles pr\u00e8s de la Sorbonne. Typique.<\/p>\n<p style=\"text-align: center;\"><a class=\"lytebox\" href=\"\/wp-content\/images\/2011\/02\/parapluies_simon01.jpg\" target=\"_blank\"><img loading=\"lazy\" decoding=\"async\" class=\"aligncenter size-thumbnail wp-image-8599\" title=\"parapluies_simon01\" src=\"\/wp-content\/images\/2011\/02\/parapluies_simon01-150x150.jpg\" alt=\"parapluies_simon01\" width=\"150\" height=\"150\" \/><\/a> <a class=\"lytebox\" href=\"\/wp-content\/images\/2011\/02\/parapluies_simon02.jpg\" target=\"_blank\"><img loading=\"lazy\" decoding=\"async\" class=\"aligncenter size-thumbnail wp-image-8600\" title=\"parapluies_simon02\" src=\"\/wp-content\/images\/2011\/02\/parapluies_simon02-150x150.jpg\" alt=\"parapluies_simon02\" width=\"150\" height=\"150\" \/><\/a><\/p>\n<p>C&rsquo;\u00e9tait une bien belle journ\u00e9e&#8230;<\/p>\n","protected":false},"excerpt":{"rendered":"<p>Le 7 f\u00e9vrier dernier il faisait beau. Un temps superbe pour Paris, comme on en a presque plus eu depuis. Avec ma maman on en a profit\u00e9 car elle ne vient pas souvent \u00e0 la capitale. Alors on est all\u00e9 &hellip; <a href=\"https:\/\/sironimo.com\/index.php\/2011\/02\/21\/promenade-touristique\/\">Continuer la lecture <span class=\"meta-nav\">&rarr;<\/span><\/a><\/p>\n","protected":false},"author":1,"featured_media":0,"comment_status":"open","ping_status":"closed","sticky":false,"template":"","format":"standard","meta":{"_exactmetrics_skip_tracking":false,"_exactmetrics_sitenote_active":false,"_exactmetrics_sitenote_note":"","_exactmetrics_sitenote_category":0,"footnotes":""},"categories":[3],"tags":[55,41,21],"_links":{"self":[{"href":"https:\/\/sironimo.com\/index.php\/wp-json\/wp\/v2\/posts\/8576"}],"collection":[{"href":"https:\/\/sironimo.com\/index.php\/wp-json\/wp\/v2\/posts"}],"about":[{"href":"https:\/\/sironimo.com\/index.php\/wp-json\/wp\/v2\/types\/post"}],"author":[{"embeddable":true,"href":"https:\/\/sironimo.com\/index.php\/wp-json\/wp\/v2\/users\/1"}],"replies":[{"embeddable":true,"href":"https:\/\/sironimo.com\/index.php\/wp-json\/wp\/v2\/comments?post=8576"}],"version-history":[{"count":9,"href":"https:\/\/sironimo.com\/index.php\/wp-json\/wp\/v2\/posts\/8576\/revisions"}],"predecessor-version":[{"id":8603,"href":"https:\/\/sironimo.com\/index.php\/wp-json\/wp\/v2\/posts\/8576\/revisions\/8603"}],"wp:attachment":[{"href":"https:\/\/sironimo.com\/index.php\/wp-json\/wp\/v2\/media?parent=8576"}],"wp:term":[{"taxonomy":"category","embeddable":true,"href":"https:\/\/sironimo.com\/index.php\/wp-json\/wp\/v2\/categories?post=8576"},{"taxonomy":"post_tag","embeddable":true,"href":"https:\/\/sironimo.com\/index.php\/wp-json\/wp\/v2\/tags?post=8576"}],"curies":[{"name":"wp","href":"https:\/\/api.w.org\/{rel}","templated":true}]}}