{"id":8645,"date":"2011-02-24T13:33:55","date_gmt":"2011-02-24T12:33:55","guid":{"rendered":"http:\/\/sironimo.com\/\/?p=8645"},"modified":"2011-02-24T13:41:01","modified_gmt":"2011-02-24T12:41:01","slug":"film-rien-a-declarer-ou-comment-black-swan-scest-transforme-en-un-tres-vilain-petit-canard","status":"publish","type":"post","link":"https:\/\/sironimo.com\/index.php\/2011\/02\/24\/film-rien-a-declarer-ou-comment-black-swan-scest-transforme-en-un-tres-vilain-petit-canard\/","title":{"rendered":"Film : Rien \u00e0 d\u00e9clarer (ou, comment Black Swan s&rsquo;est transform\u00e9 en un (tr\u00e8s) vilain petit canard)"},"content":{"rendered":"<p>On \u00e9tait donc parti pour voir <strong>Black Swan <\/strong>mais comme c&rsquo;est les vacances, tous les jeunots sont de sortis et le cin\u00e9ma \u00e9tait archi-comble. Plus de place dans les s\u00e9ances. En g\u00e9n\u00e9ral, se d\u00e9placer pour rien et repartir bredouille ce n&rsquo;est pas agr\u00e9able, alors on s&rsquo;est rattrap\u00e9 sur ce qu&rsquo;il restait&#8230; C&rsquo;est \u00e0 dire <strong>Rien \u00e0 d\u00e9clarer<\/strong> (le nouveau <em>Bienvenue chez les Ch&#8217;tis<\/em> de<strong> Dany Boon<\/strong>).<br \/>\nD&rsquo;ailleurs, je me rends compte maintenant que j&rsquo;ai vu <strong>Bienvenue chez les Ch&#8217;tis<\/strong> en d\u00e9cembre dernier quand il est pass\u00e9 \u00e0 la t\u00e9l\u00e9 et que j&rsquo;ai compl\u00e9tement oubli\u00e9 d&rsquo;en parler ici&#8230; Surement un \u00ab\u00a0acte manqu\u00e9\u00a0\u00bb cet oubli, comme c&rsquo;est \u00e9trange ^^;<\/p>\n<p style=\"text-align: center;\"><a class=\"lytebox\" href=\"\/wp-content\/images\/2011\/02\/rien_a_declarer.jpg\" target=\"_blank\"><img loading=\"lazy\" decoding=\"async\" class=\"aligncenter size-medium wp-image-8648\" title=\"rien_a_declarer\" src=\"\/wp-content\/images\/2011\/02\/rien_a_declarer-225x300.jpg\" alt=\"rien_a_declarer\" width=\"225\" height=\"300\" srcset=\"https:\/\/sironimo.com\/\/wp-content\/images\/2011\/02\/rien_a_declarer-225x300.jpg 225w, https:\/\/sironimo.com\/\/wp-content\/images\/2011\/02\/rien_a_declarer.jpg 600w\" sizes=\"(max-width: 225px) 100vw, 225px\" \/><\/a><\/p>\n<p>R\u00e9my insistait d\u00e9j\u00e0 alors que j&rsquo;entrais la t\u00eate basse : <em>\u00ab\u00a0Mais si!! J&rsquo;ai lu la BD, c&rsquo;est mieux que <strong>Bienvenue chez les Ch&#8217;tis<\/strong>!! Et puis \u00e7a parle de ton pays, la Belgique (j&rsquo;ai des origines Belge du cot\u00e9 de mon p\u00e8re). Ils vont peut-\u00eatre parler de <\/em><em>Sp\u00e9culoos. Et puis il y-a<strong> Benoit Poelvoord<\/strong>!\u00a0\u00bb<\/em><\/p>\n<p>Bon, effectivement \u00e7a parle de Sp\u00e9culoos \u00e0 un moment, il y-a <strong>Benoit Poelvoord<\/strong>, mais \u00e0 part \u00e7a c&rsquo;est presque un copier-coller des Ch&#8217;tis&#8230; <strong>Dany Boon<\/strong> fait toujours le m\u00eame genre de r\u00f4le, un <em>loser<\/em> path\u00e9tique l\u00e2che mais tellement attendrissant qui est amoureux d&rsquo;une fille (elle jouait super mal d&rsquo;ailleurs). Le film comporte quelques bonnes id\u00e9es, la fin des douaniers avec l&rsquo;ouverture de l&rsquo;Europe, la gu\u00e9guerre Franco-Belge, ou ici plut\u00f4t Belgo-Fran\u00e7aise.<strong> Benoit Poelvoord<\/strong> en horrible raciste ind\u00e9crottable et ex\u00e9crable, est bien dr\u00f4le (bien que beaucoup trop caricatural sur certains points, mais on est plus \u00e0 \u00e7a pr\u00e8s). Et puis c&rsquo;est plut\u00f4t int\u00e9ressant de parler du racisme en prenant le parti pris d&rsquo;un racisme proche de nous et un peu surr\u00e9aliste des Belges contre les Fran\u00e7ais pour nous montrer l&rsquo;absurdit\u00e9 de la chose, \u00e0 nous de le transposer aux autres peuples. Mais \u00e0 part \u00e7a, au-secours!! Les gags lourds et pas dr\u00f4les, les situations improbables et \u00ab\u00a0<em>rocambolesques<\/em>\u00a0\u00bb comme on dit, le pire \u00e9tant les gens morts de rire dans la salle&#8230;<br \/>\nC&rsquo;est une com\u00e9die Fran\u00e7aise, lourde et qui fait peut-\u00eatre rire certaines personnes, ou les enfants, mais pas moi.<\/p>\n<p>Je suis sortie de la salle en ayant honte et j&rsquo;avais l&rsquo;impression que tout le monde me regardait&#8230; huhu ^^;!<\/p>\n","protected":false},"excerpt":{"rendered":"<p>On \u00e9tait donc parti pour voir Black Swan mais comme c&rsquo;est les vacances, tous les jeunots sont de sortis et le cin\u00e9ma \u00e9tait archi-comble. Plus de place dans les s\u00e9ances. En g\u00e9n\u00e9ral, se d\u00e9placer pour rien et repartir bredouille ce &hellip; <a href=\"https:\/\/sironimo.com\/index.php\/2011\/02\/24\/film-rien-a-declarer-ou-comment-black-swan-scest-transforme-en-un-tres-vilain-petit-canard\/\">Continuer la lecture <span class=\"meta-nav\">&rarr;<\/span><\/a><\/p>\n","protected":false},"author":1,"featured_media":0,"comment_status":"open","ping_status":"closed","sticky":false,"template":"","format":"standard","meta":{"_exactmetrics_skip_tracking":false,"_exactmetrics_sitenote_active":false,"_exactmetrics_sitenote_note":"","_exactmetrics_sitenote_category":0,"footnotes":""},"categories":[11],"tags":[68],"_links":{"self":[{"href":"https:\/\/sironimo.com\/index.php\/wp-json\/wp\/v2\/posts\/8645"}],"collection":[{"href":"https:\/\/sironimo.com\/index.php\/wp-json\/wp\/v2\/posts"}],"about":[{"href":"https:\/\/sironimo.com\/index.php\/wp-json\/wp\/v2\/types\/post"}],"author":[{"embeddable":true,"href":"https:\/\/sironimo.com\/index.php\/wp-json\/wp\/v2\/users\/1"}],"replies":[{"embeddable":true,"href":"https:\/\/sironimo.com\/index.php\/wp-json\/wp\/v2\/comments?post=8645"}],"version-history":[{"count":14,"href":"https:\/\/sironimo.com\/index.php\/wp-json\/wp\/v2\/posts\/8645\/revisions"}],"predecessor-version":[{"id":8660,"href":"https:\/\/sironimo.com\/index.php\/wp-json\/wp\/v2\/posts\/8645\/revisions\/8660"}],"wp:attachment":[{"href":"https:\/\/sironimo.com\/index.php\/wp-json\/wp\/v2\/media?parent=8645"}],"wp:term":[{"taxonomy":"category","embeddable":true,"href":"https:\/\/sironimo.com\/index.php\/wp-json\/wp\/v2\/categories?post=8645"},{"taxonomy":"post_tag","embeddable":true,"href":"https:\/\/sironimo.com\/index.php\/wp-json\/wp\/v2\/tags?post=8645"}],"curies":[{"name":"wp","href":"https:\/\/api.w.org\/{rel}","templated":true}]}}